{"id":9962,"date":"2021-07-14T15:26:00","date_gmt":"2021-07-14T18:26:00","guid":{"rendered":"https:\/\/portalnarede.com.br\/?p=9962"},"modified":"2021-07-14T15:26:00","modified_gmt":"2021-07-14T18:26:00","slug":"bolsonaro-e-internado-no-hospital-das-forcas-armadas-e-ficara-sob-observacao","status":"publish","type":"post","link":"https:\/\/portalr3.online\/index.php\/2021\/07\/14\/bolsonaro-e-internado-no-hospital-das-forcas-armadas-e-ficara-sob-observacao\/","title":{"rendered":"Bolsonaro \u00e9 internado no Hospital das For\u00e7as Armadas e ficar\u00e1 sob observa\u00e7\u00e3o"},"content":{"rendered":"\n<p>Fonte e foto: Ag\u00eancia Brasil<\/p>\n\n\n\n<p>O presidente Jair Bolsonaro deu entrada, hoje (14), no Hospital das For\u00e7as Armadas (HFA), em Bras\u00edlia, para a realiza\u00e7\u00e3o de exames para investigar a causa de solu\u00e7os persistentes que vem tendo h\u00e1 alguns dias. A medida foi tomada por decis\u00e3o de sua equipe m\u00e9dica.<img decoding=\"async\" src=\"https:\/\/agenciabrasil.ebc.com.br\/ebc.png?id=1415417&amp;o=node\"><img decoding=\"async\" src=\"https:\/\/agenciabrasil.ebc.com.br\/ebc.gif?id=1415417&amp;o=node\"><\/p>\n\n\n\n<p>Em nota, a Secretaria Especial de Comunica\u00e7\u00e3o Social informou que Bolsonaro ficar\u00e1 sob observa\u00e7\u00e3o, no per\u00edodo de 24 a 48 horas, n\u00e3o necessariamente no hospital. \u201cEle est\u00e1 animado e passa bem\u201d, diz a nota.<\/p>\n\n\n\n<p>A agenda do dia do presidente foi cancelada. Nesta manh\u00e3, ele participaria de uma reuni\u00e3o entres os presidentes do Judici\u00e1rio, Executivo e Legislativo, para discutir as rela\u00e7\u00f5es entre os poderes. O encontro ser\u00e1 oportunamente reagendado.<\/p>\n\n\n\n<p>O presidente sentiu-se mal durante a madrugada, com dores abdominais e solu\u00e7o, e optou por ir ao hospital. Ap\u00f3s ser atendido, Bolsonaro sente-se bem e realiza exame nesta manh\u00e3.<\/p>\n\n\n\n<p>Nas \u00faltimas duas semanas, Bolsonaro est\u00e1 tendo que lidar com uma crise de solu\u00e7os. S\u00e3o 11 dias ao menos de reiteradas interrup\u00e7\u00f5es em intera\u00e7\u00f5es com apoiadores, live e entrevista por causa de contra\u00e7\u00f5es involunt\u00e1rias do diafragma. No Google, houve um aumento repentino de pesquisas com os termos &#8220;bolsonaro passa mal&#8221;, &#8220;crise de solu\u00e7o bolsonaro&#8221;, &#8220;bolsonaro solu\u00e7o&#8221;, &#8220;bolsonaro&#8221; e &#8220;bolsonaro soluco&#8221;.<\/p>\n\n\n\n<p>O pr\u00f3prio presidente abordou o assunto com apoiadores e em uma entrevista no \u00faltimo dia 7. &#8220;Pe\u00e7o desculpa a todos que est\u00e3o me ouvindo, porque eu estou com solu\u00e7o j\u00e1 tem cinco dias. Eu fiz uma cirurgia para implante dent\u00e1rio no s\u00e1bado [3], j\u00e1 aconteceu comigo no passado, talvez, em fun\u00e7\u00e3o dos rem\u00e9dios que eu estou tomando, eu estou 24 horas por dia com solu\u00e7o&#8221;, disse Bolsonaro \u00e0 r\u00e1dio Gua\u00edba, do Rio Grande do Sul.<\/p>\n\n\n\n<p>Depois da conversa que teve com o presidente do STF (Supremo Tribunal Federal), Luiz Fux, na segunda-feira (12), Bolsonaro concedeu uma entrevista de cerca de 30 minutos, mas s\u00f3 solu\u00e7ou no come\u00e7o.<\/p>\n\n\n\n<p>Na ter\u00e7a-feira (13), conseguiu fazer um discurso inteiro sem interrup\u00e7\u00f5es org\u00e2nicas. Pouco depois da cerim\u00f4nia no Pal\u00e1cio do Planalto, chegou de motocicleta ao Pal\u00e1cio da Alvorada e voltou a solu\u00e7ar com apoiadores. &#8220;Eu estou sem voz, pessoal. Se eu come\u00e7ar a falar muito, volta a crise de solu\u00e7o&#8221; alertou o presidente. &#8220;J\u00e1 voltou o solu\u00e7o&#8221;, disse logo em seguida. Posou para fotos e gravou v\u00eddeo para um apoiador. &#8220;Est\u00e1 ruim de falar&#8221;, reclamou.<\/p>\n\n\n\n<p>O presidente relatou \u00e0 claque que um colega da Marinha havia dado uma solu\u00e7\u00e3o para os solu\u00e7os. Ele experimentou, mas o efeito n\u00e3o durou muito tempo. &#8220;Testei duas vezes hoje e deu certo: tomar \u00e1gua com o copo invertido. D\u00e1 certo. Eu estava hoje arrebentado. Fui para o banheiro e [faz gesto de beber \u00e1gua]. Agora, a gente come\u00e7a a tomar \u00e1gua aqui [aponta para a boca] e sai pelo nariz&#8221;, detalhou.&nbsp;<\/p>\n","protected":false},"excerpt":{"rendered":"<p>Fonte e foto: Ag\u00eancia Brasil O presidente Jair Bolsonaro deu entrada, hoje (14), no Hospital das For\u00e7as Armadas (HFA), em<\/p>\n","protected":false},"author":1,"featured_media":9963,"comment_status":"open","ping_status":"open","sticky":false,"template":"","format":"standard","meta":{"colormag_page_container_layout":"default_layout","colormag_page_sidebar_layout":"default_layout","footnotes":""},"categories":[107],"tags":[800,1016,1017,1018,1019,1020,1021,1022],"class_list":["post-9962","post","type-post","status-publish","format-standard","has-post-thumbnail","hentry","category-brasil","tag-bolsonaro","tag-bolsonaro-internado","tag-hospital-das-forcas-armadas","tag-observacao","tag-presidente","tag-presidente-bolsonaro","tag-presidente-jair-bolsonaro","tag-presidente-jair-messias-bolsonaro"],"aioseo_notices":[],"_links":{"self":[{"href":"https:\/\/portalr3.online\/index.php\/wp-json\/wp\/v2\/posts\/9962","targetHints":{"allow":["GET"]}}],"collection":[{"href":"https:\/\/portalr3.online\/index.php\/wp-json\/wp\/v2\/posts"}],"about":[{"href":"https:\/\/portalr3.online\/index.php\/wp-json\/wp\/v2\/types\/post"}],"author":[{"embeddable":true,"href":"https:\/\/portalr3.online\/index.php\/wp-json\/wp\/v2\/users\/1"}],"replies":[{"embeddable":true,"href":"https:\/\/portalr3.online\/index.php\/wp-json\/wp\/v2\/comments?post=9962"}],"version-history":[{"count":0,"href":"https:\/\/portalr3.online\/index.php\/wp-json\/wp\/v2\/posts\/9962\/revisions"}],"wp:featuredmedia":[{"embeddable":true,"href":"https:\/\/portalr3.online\/index.php\/wp-json\/wp\/v2\/media\/9963"}],"wp:attachment":[{"href":"https:\/\/portalr3.online\/index.php\/wp-json\/wp\/v2\/media?parent=9962"}],"wp:term":[{"taxonomy":"category","embeddable":true,"href":"https:\/\/portalr3.online\/index.php\/wp-json\/wp\/v2\/categories?post=9962"},{"taxonomy":"post_tag","embeddable":true,"href":"https:\/\/portalr3.online\/index.php\/wp-json\/wp\/v2\/tags?post=9962"}],"curies":[{"name":"wp","href":"https:\/\/api.w.org\/{rel}","templated":true}]}}