{"id":9953,"date":"2021-07-14T05:36:58","date_gmt":"2021-07-14T08:36:58","guid":{"rendered":"https:\/\/portalnarede.com.br\/?p=9953"},"modified":"2021-07-14T05:36:58","modified_gmt":"2021-07-14T08:36:58","slug":"arapiraca-registra-melhor-saldo-de-abertura-de-novas-empresas-dos-ultimos-3-anos","status":"publish","type":"post","link":"https:\/\/portalr3.online\/index.php\/2021\/07\/14\/arapiraca-registra-melhor-saldo-de-abertura-de-novas-empresas-dos-ultimos-3-anos\/","title":{"rendered":"Arapiraca registra melhor saldo de abertura de novas empresas dos \u00faltimos 3 anos"},"content":{"rendered":"\n<p><strong><em>Retomada econ\u00f4mica esta sendo gradual, mas importante para superar n\u00fameros negativos da pandemia<\/em><\/strong><\/p>\n\n\n\n<p>O primeiro trimestre de 2021 foi o melhor quando comparado aos tr\u00eas \u00faltimos anos quando o assunto \u00e9 a abertura de novas empresas.<\/p>\n\n\n\n<p>De acordo com dados do portal Governo Digital, vinculado ao Governo Federal, foram 864 novas empresas abertas em Arapiraca e 287 fechadas, o que resultou um saldo positivo de 577.<\/p>\n\n\n\n<p>O n\u00famero \u00e9 o maior quando comparado aos dois anos anteriores. Em 2019, o saldo foi de 264, enquanto em 2020 foi de 405.<\/p>\n\n\n\n<p>Para a secret\u00e1ria Municipal de Desenvolvimento Econ\u00f4mico e Turismo, Rosa Lira, os dados apontam para uma retomada econ\u00f4mica significativa em Arapiraca.<\/p>\n\n\n\n<p>\u201cO com\u00e9rcio local \u00e9 uma das atividades econ\u00f4micas mais significativas da nossa cidade. O saldo positivo representa uma retomada importante do segmento, que foi bastante prejudicado durante a pandemia de coronav\u00edrus\u201d, disse a respons\u00e1vel pela pasta.<\/p>\n\n\n\n<p>Ainda segundo Rosa Lira, o trabalho desenvolvido pela Prefeitura de Arapiraca, atrav\u00e9s do Programa Cidade Viva, tem o objetivo de desenvolver ainda mais o com\u00e9rcio.<\/p>\n\n\n\n<p>\u201cO objetivo do Programa \u00e9 fomentar neg\u00f3cios e atrair novos empreendimentos. Nossa proposta \u00e9 criar um ambiente inovador e sustent\u00e1vel tanto para os lojistas, como tamb\u00e9m para os vendedores ambulantes que trabalham nas ruas do centro da cidade\u201d, explicou.<\/p>\n\n\n\n<p><strong>Ascom Prefeitura de Arapiraca<\/strong><\/p>\n","protected":false},"excerpt":{"rendered":"<p>Retomada econ\u00f4mica esta sendo gradual, mas importante para superar n\u00fameros negativos da pandemia O primeiro trimestre de 2021 foi o<\/p>\n","protected":false},"author":1,"featured_media":9954,"comment_status":"open","ping_status":"open","sticky":false,"template":"","format":"standard","meta":{"colormag_page_container_layout":"default_layout","colormag_page_sidebar_layout":"default_layout","footnotes":""},"categories":[22],"tags":[47,137,1004,997,1005],"class_list":["post-9953","post","type-post","status-publish","format-standard","has-post-thumbnail","hentry","category-cidades","tag-alagoas","tag-arapiraca","tag-comercio","tag-noticias","tag-retomada"],"aioseo_notices":[],"_links":{"self":[{"href":"https:\/\/portalr3.online\/index.php\/wp-json\/wp\/v2\/posts\/9953","targetHints":{"allow":["GET"]}}],"collection":[{"href":"https:\/\/portalr3.online\/index.php\/wp-json\/wp\/v2\/posts"}],"about":[{"href":"https:\/\/portalr3.online\/index.php\/wp-json\/wp\/v2\/types\/post"}],"author":[{"embeddable":true,"href":"https:\/\/portalr3.online\/index.php\/wp-json\/wp\/v2\/users\/1"}],"replies":[{"embeddable":true,"href":"https:\/\/portalr3.online\/index.php\/wp-json\/wp\/v2\/comments?post=9953"}],"version-history":[{"count":0,"href":"https:\/\/portalr3.online\/index.php\/wp-json\/wp\/v2\/posts\/9953\/revisions"}],"wp:featuredmedia":[{"embeddable":true,"href":"https:\/\/portalr3.online\/index.php\/wp-json\/wp\/v2\/media\/9954"}],"wp:attachment":[{"href":"https:\/\/portalr3.online\/index.php\/wp-json\/wp\/v2\/media?parent=9953"}],"wp:term":[{"taxonomy":"category","embeddable":true,"href":"https:\/\/portalr3.online\/index.php\/wp-json\/wp\/v2\/categories?post=9953"},{"taxonomy":"post_tag","embeddable":true,"href":"https:\/\/portalr3.online\/index.php\/wp-json\/wp\/v2\/tags?post=9953"}],"curies":[{"name":"wp","href":"https:\/\/api.w.org\/{rel}","templated":true}]}}