{"id":9941,"date":"2021-07-14T00:38:22","date_gmt":"2021-07-14T03:38:22","guid":{"rendered":"https:\/\/portalnarede.com.br\/?p=9941"},"modified":"2021-07-14T00:38:22","modified_gmt":"2021-07-14T03:38:22","slug":"covid-19-onibus-da-vacina-estara-na-cha-da-jaqueira-nesta-quarta-feira-14","status":"publish","type":"post","link":"https:\/\/portalr3.online\/index.php\/2021\/07\/14\/covid-19-onibus-da-vacina-estara-na-cha-da-jaqueira-nesta-quarta-feira-14\/","title":{"rendered":"Covid-19: \u00d4nibus da vacina estar\u00e1 na Ch\u00e3 da Jaqueira nesta quarta-feira (14)"},"content":{"rendered":"\n<p><em>No posto volante podem se vacinar com a 1\u00aa dose gestantes, pu\u00e9rperas e pessoas com 37 anos; nos pontos fixos a vacina\u00e7\u00e3o por idade est\u00e1 suspensa<\/em><\/p>\n\n\n\n<p>*Com informa\u00e7\u00f5es e foto: secom Macei\u00f3<\/p>\n\n\n\n<p>O \u00d4nibus da Vacina volta a funcionar nesta quarta-feira (14), com oferta da primeira dose da vacina contra a Covid-19 para gestantes, pu\u00e9rperas e pessoas com 37 anos ou mais. A unidade m\u00f3vel, que havia suspendido o funcionamento nessa ter\u00e7a-feira (13) para manuten\u00e7\u00e3o, estar\u00e1 estacionada pr\u00f3xima ao Dep\u00f3sito Central, na via principal Dois da Ch\u00e3 da Jaqueira, vizinho \u00e0 igreja cat\u00f3lica. Confira\u00a0<a href=\"https:\/\/www.google.com\/maps?q=-9.611223220825195,-35.74980163574219&amp;z=17&amp;hl=pt-BR\">aqui\u00a0<\/a>a localiza\u00e7\u00e3o.<\/p>\n\n\n\n<p>Para se vacinar \u00e9 necess\u00e1rio apresentar documento de identifica\u00e7\u00e3o com foto, CPF e comprovante de resid\u00eancia (original e c\u00f3pia). Al\u00e9m destes documentos, as gestantes dever\u00e3o apresentar comprovante de estado gestacional, que pode ser feito com o Cart\u00e3o de Acompanhamento da Gestante\/Pr\u00e9-natal e a prescri\u00e7\u00e3o m\u00e9dica. As pu\u00e9rperas devem apresentar documentos de identifica\u00e7\u00e3o, CPF, comprovante de resid\u00eancia e a declara\u00e7\u00e3o ou certid\u00e3o de nascimento da crian\u00e7a.<\/p>\n\n\n\n<p>O \u00f4nibus \u00e9 fruto de uma parceria da Prefeitura de Macei\u00f3 com a Cruz Vermelha e apoio financeiro da Mercedes-Benz e do Governo da Alemanha. Macei\u00f3 foi a primeira cidade da Am\u00e9rica Latina a receber o ve\u00edculo, que foi criado com o intuito de acelerar a imuniza\u00e7\u00e3o contra a Covid-19 nas localidades por onde passar.<\/p>\n\n\n\n<p><strong>Outros pontos<\/strong><\/p>\n\n\n\n<p>A Prefeitura de Macei\u00f3 tamb\u00e9m segue com o calend\u00e1rio de imuniza\u00e7\u00e3o contra a Covid-19 nos oito pontos fixos. Nestes locais haver\u00e1 disponibiliza\u00e7\u00e3o da primeira dose apenas para gestantes e pu\u00e9rperas (at\u00e9 45 dias ap\u00f3s o parto) com 18 anos ou mais nos pontos fixos.<\/p>\n\n\n\n<p>A vacina\u00e7\u00e3o acontecer\u00e1 das 9h \u00e0s 16h nos drive-thrus do Estacionamento do Jaragu\u00e1 e da Justi\u00e7a Federal (Serraria), Shopping Macei\u00f3 (Mangabeiras), Shopping P\u00e1tio (Cidade Universit\u00e1ria), Pra\u00e7a Padre C\u00edcero (Benedito Bentes), Pap\u00f3dromo (Vergel), Terminal do Osman Loureiro e Gin\u00e1sio Arivaldo Maia (Jacintinho).<\/p>\n","protected":false},"excerpt":{"rendered":"<p>No posto volante podem se vacinar com a 1\u00aa dose gestantes, pu\u00e9rperas e pessoas com 37 anos; nos pontos fixos<\/p>\n","protected":false},"author":1,"featured_media":9942,"comment_status":"open","ping_status":"open","sticky":false,"template":"","format":"standard","meta":{"colormag_page_container_layout":"default_layout","colormag_page_sidebar_layout":"default_layout","footnotes":""},"categories":[10],"tags":[81,82,267,995,288,996,734,141,110],"class_list":["post-9941","post","type-post","status-publish","format-standard","has-post-thumbnail","hentry","category-noticias","tag-coronavirus","tag-covid-19","tag-imunizacao","tag-imunizacao-maceio","tag-imunizantes","tag-novo-coronavirus","tag-onibus-da-vacina","tag-prefeitura-de-maceio","tag-vacina"],"aioseo_notices":[],"_links":{"self":[{"href":"https:\/\/portalr3.online\/index.php\/wp-json\/wp\/v2\/posts\/9941","targetHints":{"allow":["GET"]}}],"collection":[{"href":"https:\/\/portalr3.online\/index.php\/wp-json\/wp\/v2\/posts"}],"about":[{"href":"https:\/\/portalr3.online\/index.php\/wp-json\/wp\/v2\/types\/post"}],"author":[{"embeddable":true,"href":"https:\/\/portalr3.online\/index.php\/wp-json\/wp\/v2\/users\/1"}],"replies":[{"embeddable":true,"href":"https:\/\/portalr3.online\/index.php\/wp-json\/wp\/v2\/comments?post=9941"}],"version-history":[{"count":0,"href":"https:\/\/portalr3.online\/index.php\/wp-json\/wp\/v2\/posts\/9941\/revisions"}],"wp:featuredmedia":[{"embeddable":true,"href":"https:\/\/portalr3.online\/index.php\/wp-json\/wp\/v2\/media\/9942"}],"wp:attachment":[{"href":"https:\/\/portalr3.online\/index.php\/wp-json\/wp\/v2\/media?parent=9941"}],"wp:term":[{"taxonomy":"category","embeddable":true,"href":"https:\/\/portalr3.online\/index.php\/wp-json\/wp\/v2\/categories?post=9941"},{"taxonomy":"post_tag","embeddable":true,"href":"https:\/\/portalr3.online\/index.php\/wp-json\/wp\/v2\/tags?post=9941"}],"curies":[{"name":"wp","href":"https:\/\/api.w.org\/{rel}","templated":true}]}}