{"id":9916,"date":"2021-07-13T17:09:23","date_gmt":"2021-07-13T20:09:23","guid":{"rendered":"https:\/\/portalnarede.com.br\/?p=9916"},"modified":"2021-07-13T17:09:23","modified_gmt":"2021-07-13T20:09:23","slug":"restaurante-situado-na-orla-de-maceio-e-interditado-por-risco-de-desabamento","status":"publish","type":"post","link":"https:\/\/portalr3.online\/index.php\/2021\/07\/13\/restaurante-situado-na-orla-de-maceio-e-interditado-por-risco-de-desabamento\/","title":{"rendered":"Restaurante situado na Orla de Macei\u00f3 \u00e9 interditado por risco de desabamento"},"content":{"rendered":"\n<p><em>*Estagi\u00e1rio sob supervis\u00e3o<br>*Imagem: assessoria<\/em><\/p>\n\n\n\n<p>Nesta ter\u00e7a-feira (13), a Secretaria de Seguran\u00e7a Comunit\u00e1ria e Conv\u00edvio Social\u00a0realizou o fechamento de um bar localizado na Orla de Macei\u00f3, ap\u00f3s condena\u00e7\u00e3o da Defesa Civil. O local foi interditado imediatamente devido ao risco real de desabar. <\/p>\n\n\n\n<p>Segundo o secret\u00e1rio de Conv\u00edvio Social, Thiago Prado, o im\u00f3vel apresenta risco aos consumidores e funcion\u00e1rios. \u201cA interdi\u00e7\u00e3o ocorreu por quest\u00f5es de seguran\u00e7a, al\u00e9m de quest\u00f5es sanit\u00e1rias, com insalubridade e falta de higiene. Sendo assim a Defesa Civil condenou o pr\u00e9dio, j\u00e1 que seria invi\u00e1vel a manuten\u00e7\u00e3o devido ao avan\u00e7o do mar\u201d.<\/p>\n\n\n\n<p>Entre os principais problemas encontrados estavam as fia\u00e7\u00f5es expostas, telhado avariado, rachaduras no solo e paredes, e a falta de itens b\u00e1sicos de higiene.<\/p>\n","protected":false},"excerpt":{"rendered":"<p>*Estagi\u00e1rio sob supervis\u00e3o*Imagem: assessoria Nesta ter\u00e7a-feira (13), a Secretaria de Seguran\u00e7a Comunit\u00e1ria e Conv\u00edvio Social\u00a0realizou o fechamento de um bar<\/p>\n","protected":false},"author":1,"featured_media":9917,"comment_status":"open","ping_status":"open","sticky":false,"template":"","format":"standard","meta":{"colormag_page_container_layout":"default_layout","colormag_page_sidebar_layout":"default_layout","footnotes":""},"categories":[10],"tags":[988,989],"class_list":["post-9916","post","type-post","status-publish","format-standard","has-post-thumbnail","hentry","category-noticias","tag-orla-de-maceio","tag-risco-de-desabamento"],"aioseo_notices":[],"_links":{"self":[{"href":"https:\/\/portalr3.online\/index.php\/wp-json\/wp\/v2\/posts\/9916","targetHints":{"allow":["GET"]}}],"collection":[{"href":"https:\/\/portalr3.online\/index.php\/wp-json\/wp\/v2\/posts"}],"about":[{"href":"https:\/\/portalr3.online\/index.php\/wp-json\/wp\/v2\/types\/post"}],"author":[{"embeddable":true,"href":"https:\/\/portalr3.online\/index.php\/wp-json\/wp\/v2\/users\/1"}],"replies":[{"embeddable":true,"href":"https:\/\/portalr3.online\/index.php\/wp-json\/wp\/v2\/comments?post=9916"}],"version-history":[{"count":0,"href":"https:\/\/portalr3.online\/index.php\/wp-json\/wp\/v2\/posts\/9916\/revisions"}],"wp:featuredmedia":[{"embeddable":true,"href":"https:\/\/portalr3.online\/index.php\/wp-json\/wp\/v2\/media\/9917"}],"wp:attachment":[{"href":"https:\/\/portalr3.online\/index.php\/wp-json\/wp\/v2\/media?parent=9916"}],"wp:term":[{"taxonomy":"category","embeddable":true,"href":"https:\/\/portalr3.online\/index.php\/wp-json\/wp\/v2\/categories?post=9916"},{"taxonomy":"post_tag","embeddable":true,"href":"https:\/\/portalr3.online\/index.php\/wp-json\/wp\/v2\/tags?post=9916"}],"curies":[{"name":"wp","href":"https:\/\/api.w.org\/{rel}","templated":true}]}}