{"id":9886,"date":"2021-07-13T11:21:54","date_gmt":"2021-07-13T14:21:54","guid":{"rendered":"https:\/\/portalnarede.com.br\/?p=9886"},"modified":"2021-07-13T11:21:54","modified_gmt":"2021-07-13T14:21:54","slug":"arapiraca-homem-e-morto-a-facadas-apos-discussao-em-praca-vitima-bateu-em-mesa-e-derrubou-bebidas","status":"publish","type":"post","link":"https:\/\/portalr3.online\/index.php\/2021\/07\/13\/arapiraca-homem-e-morto-a-facadas-apos-discussao-em-praca-vitima-bateu-em-mesa-e-derrubou-bebidas\/","title":{"rendered":"Arapiraca: Homem \u00e9 morto a facadas ap\u00f3s discuss\u00e3o em pra\u00e7a; v\u00edtima bateu em mesa e derrubou bebidas"},"content":{"rendered":"\n<p><em>Imagem: 3\u00ba BPM<\/em><\/p>\n\n\n\n<p><em>*Estagi\u00e1rio sob supervis\u00e3o<\/em><\/p>\n\n\n\n<p>Um homem foi morto a facadas, nessa segunda-feira (12), em uma pra\u00e7a, no interior de Alagoas. Segundo testemunhas, ele havia batido em uma mesa onde estavam outras pessoas, vindo a derrubar as bebidas destas, que efetuaram os golpes de arma branca sobre a v\u00edtima. O crime se deu no munic\u00edpio de Arapiraca.<\/p>\n\n\n\n<p>A v\u00edtima, que n\u00e3o teve a identidade revelada, morreu no local, antes mesmo dos primeiros socorros. Ao lado do corpo dela, documentos e alguns pertences ficaram espalhados pelo ch\u00e3o.<\/p>\n\n\n\n<p>De acordo com os agentes do 3\u00ba Batalh\u00e3o de Pol\u00edcia Militar, o autor do crime fugiu antes da chegada da guarni\u00e7\u00e3o.<\/p>\n\n\n\n<p>Al\u00e9m das equipes policiais, o Servi\u00e7o de Atendimento M\u00f3vel de Urg\u00eancia (SAMU), Instituto de Criminal\u00edstica (IC) e Instituto M\u00e9dico Legal (IML) estivem no local.<\/p>\n","protected":false},"excerpt":{"rendered":"<p>Imagem: 3\u00ba BPM *Estagi\u00e1rio sob supervis\u00e3o Um homem foi morto a facadas, nessa segunda-feira (12), em uma pra\u00e7a, no interior<\/p>\n","protected":false},"author":1,"featured_media":9888,"comment_status":"open","ping_status":"open","sticky":false,"template":"","format":"standard","meta":{"colormag_page_container_layout":"default_layout","colormag_page_sidebar_layout":"default_layout","footnotes":""},"categories":[22],"tags":[137,264,101,507],"class_list":["post-9886","post","type-post","status-publish","format-standard","has-post-thumbnail","hentry","category-cidades","tag-arapiraca","tag-arma-branca","tag-assassinato","tag-homicidio"],"aioseo_notices":[],"_links":{"self":[{"href":"https:\/\/portalr3.online\/index.php\/wp-json\/wp\/v2\/posts\/9886","targetHints":{"allow":["GET"]}}],"collection":[{"href":"https:\/\/portalr3.online\/index.php\/wp-json\/wp\/v2\/posts"}],"about":[{"href":"https:\/\/portalr3.online\/index.php\/wp-json\/wp\/v2\/types\/post"}],"author":[{"embeddable":true,"href":"https:\/\/portalr3.online\/index.php\/wp-json\/wp\/v2\/users\/1"}],"replies":[{"embeddable":true,"href":"https:\/\/portalr3.online\/index.php\/wp-json\/wp\/v2\/comments?post=9886"}],"version-history":[{"count":0,"href":"https:\/\/portalr3.online\/index.php\/wp-json\/wp\/v2\/posts\/9886\/revisions"}],"wp:featuredmedia":[{"embeddable":true,"href":"https:\/\/portalr3.online\/index.php\/wp-json\/wp\/v2\/media\/9888"}],"wp:attachment":[{"href":"https:\/\/portalr3.online\/index.php\/wp-json\/wp\/v2\/media?parent=9886"}],"wp:term":[{"taxonomy":"category","embeddable":true,"href":"https:\/\/portalr3.online\/index.php\/wp-json\/wp\/v2\/categories?post=9886"},{"taxonomy":"post_tag","embeddable":true,"href":"https:\/\/portalr3.online\/index.php\/wp-json\/wp\/v2\/tags?post=9886"}],"curies":[{"name":"wp","href":"https:\/\/api.w.org\/{rel}","templated":true}]}}