{"id":9880,"date":"2021-07-13T09:57:53","date_gmt":"2021-07-13T12:57:53","guid":{"rendered":"https:\/\/portalnarede.com.br\/?p=9880"},"modified":"2021-07-13T09:57:53","modified_gmt":"2021-07-13T12:57:53","slug":"arapiraca-suspeito-de-matar-usuario-de-drogas-no-inicio-deste-ano-e-preso-pela-pc","status":"publish","type":"post","link":"https:\/\/portalr3.online\/index.php\/2021\/07\/13\/arapiraca-suspeito-de-matar-usuario-de-drogas-no-inicio-deste-ano-e-preso-pela-pc\/","title":{"rendered":"Arapiraca: Suspeito de matar usu\u00e1rio de drogas no in\u00edcio deste ano \u00e9 preso pela PC"},"content":{"rendered":"\n<p><em>Imagem: PC<\/em><\/p>\n\n\n\n<p><em>*Estagi\u00e1rio sob supervis\u00e3o &#8211; com informa\u00e7\u00f5es PC<\/em><\/p>\n\n\n\n<p>A Pol\u00edcia Civil de Alagoas prendeu, nessa segunda-feira (12), um homem suspeito de ter participado de um homic\u00eddio. O indiv\u00edduo \u00e9 acusado de ter assassinado Jo\u00e3o Vitor Rufino de Oliveira. A pris\u00e3o ocorreu no munic\u00edpio de Arapiraca, agreste de Alagoas.<\/p>\n\n\n\n<p>Segundo investiga\u00e7\u00f5es da PC, o homem, de 41 anos de idade, teria, junto com outros indiv\u00edduos, matado, com pauladas, facadas, pedradas e enxadadas, Jo\u00e3o Vitor Rufino, no dia 2 de janeiro deste ano.<\/p>\n\n\n\n<p>A v\u00edtima, usu\u00e1ria de drogas, foi morta por acharem que ela fazia parte de uma fac\u00e7\u00e3o criminosa rival.<\/p>\n\n\n\n<p>A pris\u00e3o foi realizada pelos policiais civis da Delegacia de Homic\u00eddios de Arapiraca, em cumprimento a mandado expedido pela 8\u00aa Vara Criminal de Arapiraca.<\/p>\n","protected":false},"excerpt":{"rendered":"<p>Imagem: PC *Estagi\u00e1rio sob supervis\u00e3o &#8211; com informa\u00e7\u00f5es PC A Pol\u00edcia Civil de Alagoas prendeu, nessa segunda-feira (12), um homem<\/p>\n","protected":false},"author":1,"featured_media":6131,"comment_status":"open","ping_status":"open","sticky":false,"template":"","format":"standard","meta":{"colormag_page_container_layout":"default_layout","colormag_page_sidebar_layout":"default_layout","footnotes":""},"categories":[22],"tags":[137,101,507,975,330,91],"class_list":["post-9880","post","type-post","status-publish","format-standard","has-post-thumbnail","hentry","category-cidades","tag-arapiraca","tag-assassinato","tag-homicidio","tag-mandado","tag-policia-civil","tag-suspeito"],"aioseo_notices":[],"_links":{"self":[{"href":"https:\/\/portalr3.online\/index.php\/wp-json\/wp\/v2\/posts\/9880","targetHints":{"allow":["GET"]}}],"collection":[{"href":"https:\/\/portalr3.online\/index.php\/wp-json\/wp\/v2\/posts"}],"about":[{"href":"https:\/\/portalr3.online\/index.php\/wp-json\/wp\/v2\/types\/post"}],"author":[{"embeddable":true,"href":"https:\/\/portalr3.online\/index.php\/wp-json\/wp\/v2\/users\/1"}],"replies":[{"embeddable":true,"href":"https:\/\/portalr3.online\/index.php\/wp-json\/wp\/v2\/comments?post=9880"}],"version-history":[{"count":0,"href":"https:\/\/portalr3.online\/index.php\/wp-json\/wp\/v2\/posts\/9880\/revisions"}],"wp:featuredmedia":[{"embeddable":true,"href":"https:\/\/portalr3.online\/index.php\/wp-json\/wp\/v2\/media\/6131"}],"wp:attachment":[{"href":"https:\/\/portalr3.online\/index.php\/wp-json\/wp\/v2\/media?parent=9880"}],"wp:term":[{"taxonomy":"category","embeddable":true,"href":"https:\/\/portalr3.online\/index.php\/wp-json\/wp\/v2\/categories?post=9880"},{"taxonomy":"post_tag","embeddable":true,"href":"https:\/\/portalr3.online\/index.php\/wp-json\/wp\/v2\/tags?post=9880"}],"curies":[{"name":"wp","href":"https:\/\/api.w.org\/{rel}","templated":true}]}}