{"id":9878,"date":"2021-07-13T09:27:12","date_gmt":"2021-07-13T12:27:12","guid":{"rendered":"https:\/\/portalnarede.com.br\/?p=9878"},"modified":"2021-07-13T09:27:12","modified_gmt":"2021-07-13T12:27:12","slug":"acidente-entre-carro-e-moto-deixa-mulher-ferida-na-serraria-na-manha-desta-terca-feira-13","status":"publish","type":"post","link":"https:\/\/portalr3.online\/index.php\/2021\/07\/13\/acidente-entre-carro-e-moto-deixa-mulher-ferida-na-serraria-na-manha-desta-terca-feira-13\/","title":{"rendered":"Acidente entre carro e moto deixa mulher ferida na Serraria na manh\u00e3 desta ter\u00e7a-feira (13)"},"content":{"rendered":"\n<p><em>Imagem: CBMAL<\/em><\/p>\n\n\n\n<p><em>*Estagi\u00e1rio sob supervis\u00e3o<\/em><\/p>\n\n\n\n<p>Um acidente entre um carro uma motocicleta, na manh\u00e3 desta ter\u00e7a-feira (13), deixou uma pessoa ferida, em Macei\u00f3. Segundo o Corpo de Bombeiros (CBMAL), com a colis\u00e3o, uma mulher sofreu escoria\u00e7\u00f5es e precisou ser encaminhada a uma Unidade de Pronto Atendimento (UPA). O acidente ocorreu na Avenida Presidente Get\u00falio Vargas, no bairro da Serraria.<\/p>\n\n\n\n<p>De acordo com o CBMAL, uma mulher, de 40 anos de idade, sofreu escoria\u00e7\u00f5es e se queixava de dores na perna esquerda. Ela foi conduzida \u00e0 UPA do Jacintinho.<\/p>\n\n\n\n<p>A colis\u00e3o entre o carro e a motocicleta ocorreu \u00e0s 6h. Ainda n\u00e3o se sabe o que causou o acidente.<\/p>\n\n\n\n<p>Uma equipe do CBMAL, com tr\u00eas militares, estiveram no local e realizaram os procedimentos cab\u00edveis.<\/p>\n","protected":false},"excerpt":{"rendered":"<p>Imagem: CBMAL *Estagi\u00e1rio sob supervis\u00e3o Um acidente entre um carro uma motocicleta, na manh\u00e3 desta ter\u00e7a-feira (13), deixou uma pessoa<\/p>\n","protected":false},"author":1,"featured_media":8776,"comment_status":"open","ping_status":"open","sticky":false,"template":"","format":"standard","meta":{"colormag_page_container_layout":"default_layout","colormag_page_sidebar_layout":"default_layout","footnotes":""},"categories":[10],"tags":[53,816,415,118,974,427],"class_list":["post-9878","post","type-post","status-publish","format-standard","has-post-thumbnail","hentry","category-noticias","tag-acidente","tag-cbmal","tag-colisao-entre-carro-e-moto","tag-jacintinho","tag-serraria","tag-upa"],"aioseo_notices":[],"_links":{"self":[{"href":"https:\/\/portalr3.online\/index.php\/wp-json\/wp\/v2\/posts\/9878","targetHints":{"allow":["GET"]}}],"collection":[{"href":"https:\/\/portalr3.online\/index.php\/wp-json\/wp\/v2\/posts"}],"about":[{"href":"https:\/\/portalr3.online\/index.php\/wp-json\/wp\/v2\/types\/post"}],"author":[{"embeddable":true,"href":"https:\/\/portalr3.online\/index.php\/wp-json\/wp\/v2\/users\/1"}],"replies":[{"embeddable":true,"href":"https:\/\/portalr3.online\/index.php\/wp-json\/wp\/v2\/comments?post=9878"}],"version-history":[{"count":0,"href":"https:\/\/portalr3.online\/index.php\/wp-json\/wp\/v2\/posts\/9878\/revisions"}],"wp:featuredmedia":[{"embeddable":true,"href":"https:\/\/portalr3.online\/index.php\/wp-json\/"}],"wp:attachment":[{"href":"https:\/\/portalr3.online\/index.php\/wp-json\/wp\/v2\/media?parent=9878"}],"wp:term":[{"taxonomy":"category","embeddable":true,"href":"https:\/\/portalr3.online\/index.php\/wp-json\/wp\/v2\/categories?post=9878"},{"taxonomy":"post_tag","embeddable":true,"href":"https:\/\/portalr3.online\/index.php\/wp-json\/wp\/v2\/tags?post=9878"}],"curies":[{"name":"wp","href":"https:\/\/api.w.org\/{rel}","templated":true}]}}