{"id":9874,"date":"2021-07-13T08:41:55","date_gmt":"2021-07-13T11:41:55","guid":{"rendered":"https:\/\/portalnarede.com.br\/?p=9874"},"modified":"2021-07-13T08:41:55","modified_gmt":"2021-07-13T11:41:55","slug":"homem-de-24-anos-e-morto-a-tiros-proximo-ao-hu-suspeitos-se-aproximaram-em-um-carro","status":"publish","type":"post","link":"https:\/\/portalr3.online\/index.php\/2021\/07\/13\/homem-de-24-anos-e-morto-a-tiros-proximo-ao-hu-suspeitos-se-aproximaram-em-um-carro\/","title":{"rendered":"Homem de 24 anos \u00e9 morto a tiros pr\u00f3ximo ao HU; suspeitos se aproximaram em um carro"},"content":{"rendered":"\n<p><em>Imagem: Assessoria<\/em><\/p>\n\n\n\n<p><em>*Estagi\u00e1rio sob supervis\u00e3o<\/em><\/p>\n\n\n\n<p>Um indiv\u00edduo morreu, nessa segunda-feira (12), v\u00edtima de disparos de arma de fogo, em Macei\u00f3. Segundo o relat\u00f3rio encaminhado \u00e0 imprensa, a v\u00edtima foi abordada por homens, em um carro, que teriam efetuado os tiros. O homic\u00eddio ocorreu na Cidade Universit\u00e1ria.<\/p>\n\n\n\n<p>O homem, de 24 anos de idade, foi abordado pelos indiv\u00edduos pr\u00f3ximo ao Hospital Universit\u00e1rio. Ele sofreu disparos na regi\u00e3o da cabe\u00e7a, das costas e no abd\u00f4men.<\/p>\n\n\n\n<p>Ainda n\u00e3o se tem informa\u00e7\u00f5es sobre a autoria do crime.<\/p>\n\n\n\n<p>Equipes do Batalh\u00e3o de Guardas (BPGD) e Instituto M\u00e9dico Legal (IML) estiveram no local e realizaram os procedimentos cab\u00edveis.<\/p>\n","protected":false},"excerpt":{"rendered":"<p>Imagem: Assessoria *Estagi\u00e1rio sob supervis\u00e3o Um indiv\u00edduo morreu, nessa segunda-feira (12), v\u00edtima de disparos de arma de fogo, em Macei\u00f3.<\/p>\n","protected":false},"author":1,"featured_media":862,"comment_status":"open","ping_status":"open","sticky":false,"template":"","format":"standard","meta":{"colormag_page_container_layout":"default_layout","colormag_page_sidebar_layout":"default_layout","footnotes":""},"categories":[10],"tags":[138,101,972,507],"class_list":["post-9874","post","type-post","status-publish","format-standard","has-post-thumbnail","hentry","category-noticias","tag-arma-de-fogo","tag-assassinato","tag-cidade-universitaria","tag-homicidio"],"aioseo_notices":[],"_links":{"self":[{"href":"https:\/\/portalr3.online\/index.php\/wp-json\/wp\/v2\/posts\/9874","targetHints":{"allow":["GET"]}}],"collection":[{"href":"https:\/\/portalr3.online\/index.php\/wp-json\/wp\/v2\/posts"}],"about":[{"href":"https:\/\/portalr3.online\/index.php\/wp-json\/wp\/v2\/types\/post"}],"author":[{"embeddable":true,"href":"https:\/\/portalr3.online\/index.php\/wp-json\/wp\/v2\/users\/1"}],"replies":[{"embeddable":true,"href":"https:\/\/portalr3.online\/index.php\/wp-json\/wp\/v2\/comments?post=9874"}],"version-history":[{"count":0,"href":"https:\/\/portalr3.online\/index.php\/wp-json\/wp\/v2\/posts\/9874\/revisions"}],"wp:featuredmedia":[{"embeddable":true,"href":"https:\/\/portalr3.online\/index.php\/wp-json\/"}],"wp:attachment":[{"href":"https:\/\/portalr3.online\/index.php\/wp-json\/wp\/v2\/media?parent=9874"}],"wp:term":[{"taxonomy":"category","embeddable":true,"href":"https:\/\/portalr3.online\/index.php\/wp-json\/wp\/v2\/categories?post=9874"},{"taxonomy":"post_tag","embeddable":true,"href":"https:\/\/portalr3.online\/index.php\/wp-json\/wp\/v2\/tags?post=9874"}],"curies":[{"name":"wp","href":"https:\/\/api.w.org\/{rel}","templated":true}]}}