{"id":9872,"date":"2021-07-13T08:45:10","date_gmt":"2021-07-13T11:45:10","guid":{"rendered":"https:\/\/portalnarede.com.br\/?p=9872"},"modified":"2021-07-13T08:45:10","modified_gmt":"2021-07-13T11:45:10","slug":"covid-19-prefeitura-de-maceio-retoma-calendario-de-imunizacao-da-primeira-dose-para-gestantes-e-puerperas-nesta-terca-13","status":"publish","type":"post","link":"https:\/\/portalr3.online\/index.php\/2021\/07\/13\/covid-19-prefeitura-de-maceio-retoma-calendario-de-imunizacao-da-primeira-dose-para-gestantes-e-puerperas-nesta-terca-13\/","title":{"rendered":"Covid-19: Macei\u00f3 retoma imuniza\u00e7\u00e3o da 1\u00aa dose para gestantes e pu\u00e9rperas nesta ter\u00e7a (13)"},"content":{"rendered":"\n<p>*Com informa\u00e7\u00f5es e foto: Secom Macei\u00f3<\/p>\n\n\n\n<p>A Prefeitura de Macei\u00f3 retoma o calend\u00e1rio de vacina contra a Covid-19 nesta ter\u00e7a-feira (13),com a primeira dose sendo disponibilizada apenas para gestantes e pu\u00e9rperas (at\u00e9 45 dias ap\u00f3s o parto) com 18 anos ou mais. A vacina\u00e7\u00e3o acontecer\u00e1 das 9h \u00e0s 16h nos oito pontos da capital.<\/p>\n\n\n\n<p>Gestantes e pu\u00e9rperas podem se dirigir aos drive-thrus do Estacionamento do Jaragu\u00e1 e da Justi\u00e7a Federal (Serraria), Shopping Macei\u00f3 (Mangabeiras), Shopping P\u00e1tio (Cidade Universit\u00e1ria), Pra\u00e7a Padre C\u00edcero (Benedito Bentes), Pap\u00f3dromo (Vergel), Terminal do Osman Loureiro e Gin\u00e1sio Arivaldo Maia (Jacintinho).<\/p>\n\n\n\n<p>Al\u00e9m do documento de identifica\u00e7\u00e3o com foto, CPF e comprovante de resid\u00eancia (original e c\u00f3pia), as gestantes dever\u00e3o apresentar comprovante de estado gestacional, que pode ser feito com o Cart\u00e3o de Acompanhamento da Gestante\/Pr\u00e9-natal. As pu\u00e9rperas devem apresentar documentos de identifica\u00e7\u00e3o e declara\u00e7\u00e3o ou certid\u00e3o de nascimento da crian\u00e7a.<\/p>\n\n\n\n<p>A segunda dose da AstraZeneca tamb\u00e9m estar\u00e1 dispon\u00edvel em todos os pontos. A segunda dose da CoronaVac ser\u00e1 aplicada apenas no Shopping P\u00e1tio.<\/p>\n","protected":false},"excerpt":{"rendered":"<p>*Com informa\u00e7\u00f5es e foto: Secom Macei\u00f3 A Prefeitura de Macei\u00f3 retoma o calend\u00e1rio de vacina contra a Covid-19 nesta ter\u00e7a-feira<\/p>\n","protected":false},"author":1,"featured_media":9463,"comment_status":"open","ping_status":"open","sticky":false,"template":"","format":"standard","meta":{"colormag_page_container_layout":"default_layout","colormag_page_sidebar_layout":"default_layout","footnotes":""},"categories":[10],"tags":[81,82,454,267,177,938,110,52],"class_list":["post-9872","post","type-post","status-publish","format-standard","has-post-thumbnail","hentry","category-noticias","tag-coronavirus","tag-covid-19","tag-gestantes","tag-imunizacao","tag-pandemia","tag-puerperas","tag-vacina","tag-vacinacao"],"aioseo_notices":[],"_links":{"self":[{"href":"https:\/\/portalr3.online\/index.php\/wp-json\/wp\/v2\/posts\/9872","targetHints":{"allow":["GET"]}}],"collection":[{"href":"https:\/\/portalr3.online\/index.php\/wp-json\/wp\/v2\/posts"}],"about":[{"href":"https:\/\/portalr3.online\/index.php\/wp-json\/wp\/v2\/types\/post"}],"author":[{"embeddable":true,"href":"https:\/\/portalr3.online\/index.php\/wp-json\/wp\/v2\/users\/1"}],"replies":[{"embeddable":true,"href":"https:\/\/portalr3.online\/index.php\/wp-json\/wp\/v2\/comments?post=9872"}],"version-history":[{"count":0,"href":"https:\/\/portalr3.online\/index.php\/wp-json\/wp\/v2\/posts\/9872\/revisions"}],"wp:featuredmedia":[{"embeddable":true,"href":"https:\/\/portalr3.online\/index.php\/wp-json\/wp\/v2\/media\/9463"}],"wp:attachment":[{"href":"https:\/\/portalr3.online\/index.php\/wp-json\/wp\/v2\/media?parent=9872"}],"wp:term":[{"taxonomy":"category","embeddable":true,"href":"https:\/\/portalr3.online\/index.php\/wp-json\/wp\/v2\/categories?post=9872"},{"taxonomy":"post_tag","embeddable":true,"href":"https:\/\/portalr3.online\/index.php\/wp-json\/wp\/v2\/tags?post=9872"}],"curies":[{"name":"wp","href":"https:\/\/api.w.org\/{rel}","templated":true}]}}