{"id":9857,"date":"2021-07-12T15:14:17","date_gmt":"2021-07-12T18:14:17","guid":{"rendered":"https:\/\/portalnarede.com.br\/?p=9857"},"modified":"2021-07-12T15:14:17","modified_gmt":"2021-07-12T18:14:17","slug":"sao-jose-da-laje-mulher-morre-e-outra-pessoa-fica-gravemente-ferida-em-acidente-entre-carro-e-moto-na-br-104","status":"publish","type":"post","link":"https:\/\/portalr3.online\/index.php\/2021\/07\/12\/sao-jose-da-laje-mulher-morre-e-outra-pessoa-fica-gravemente-ferida-em-acidente-entre-carro-e-moto-na-br-104\/","title":{"rendered":"S\u00e3o Jos\u00e9 da Laje: mulher morre e outra pessoa fica gravemente ferida em acidente entre carro e moto na BR-104"},"content":{"rendered":"\n<p><em>*Estagi\u00e1rio sob supervis\u00e3o<\/em><br><em>*Imagem: reprodu\u00e7\u00e3o<\/em><\/p>\n\n\n\n<p>Um acidente entre um carro e uma motocicleta foi registrado no in\u00edcio desta segunda-feira (12), na altura do Km 77 da BR-104, em S\u00e3o Jos\u00e9 da Laje. O motociclista, que aparenta ter 30 anos, estava inconsciente, apresentando m\u00faltiplas fraturas nos membros inferiores e superiores, al\u00e9m de escoria\u00e7\u00f5es em grande parte do corpo. J\u00e1 a passageira, de aproximadamente 20 anos, acabou falecendo no local.<\/p>\n\n\n\n<p>Uma viatura do Corpo de Bombeiros compareceu ao local para realizar o socorro pr\u00e9-hospitalar, posteriormente embarcando a v\u00edtima na Aeronave do SAMU que se dirigiu para o HGE. <\/p>\n\n\n\n<p>A Pol\u00edcia Rodovi\u00e1ria Federal ficou preservando o local da ocorr\u00eancia e aguardando o IC e o IML para recolhimento do corpo.<\/p>\n\n\n\n<p><\/p>\n\n\n\n<p><\/p>\n\n\n\n<p><\/p>\n\n\n\n<p><\/p>\n","protected":false},"excerpt":{"rendered":"<p>*Estagi\u00e1rio sob supervis\u00e3o*Imagem: reprodu\u00e7\u00e3o Um acidente entre um carro e uma motocicleta foi registrado no in\u00edcio desta segunda-feira (12), na<\/p>\n","protected":false},"author":1,"featured_media":9858,"comment_status":"open","ping_status":"open","sticky":false,"template":"","format":"standard","meta":{"colormag_page_container_layout":"default_layout","colormag_page_sidebar_layout":"default_layout","footnotes":""},"categories":[22],"tags":[53,149],"class_list":["post-9857","post","type-post","status-publish","format-standard","has-post-thumbnail","hentry","category-cidades","tag-acidente","tag-sao-jose-da-laje"],"aioseo_notices":[],"_links":{"self":[{"href":"https:\/\/portalr3.online\/index.php\/wp-json\/wp\/v2\/posts\/9857","targetHints":{"allow":["GET"]}}],"collection":[{"href":"https:\/\/portalr3.online\/index.php\/wp-json\/wp\/v2\/posts"}],"about":[{"href":"https:\/\/portalr3.online\/index.php\/wp-json\/wp\/v2\/types\/post"}],"author":[{"embeddable":true,"href":"https:\/\/portalr3.online\/index.php\/wp-json\/wp\/v2\/users\/1"}],"replies":[{"embeddable":true,"href":"https:\/\/portalr3.online\/index.php\/wp-json\/wp\/v2\/comments?post=9857"}],"version-history":[{"count":0,"href":"https:\/\/portalr3.online\/index.php\/wp-json\/wp\/v2\/posts\/9857\/revisions"}],"wp:featuredmedia":[{"embeddable":true,"href":"https:\/\/portalr3.online\/index.php\/wp-json\/wp\/v2\/media\/9858"}],"wp:attachment":[{"href":"https:\/\/portalr3.online\/index.php\/wp-json\/wp\/v2\/media?parent=9857"}],"wp:term":[{"taxonomy":"category","embeddable":true,"href":"https:\/\/portalr3.online\/index.php\/wp-json\/wp\/v2\/categories?post=9857"},{"taxonomy":"post_tag","embeddable":true,"href":"https:\/\/portalr3.online\/index.php\/wp-json\/wp\/v2\/tags?post=9857"}],"curies":[{"name":"wp","href":"https:\/\/api.w.org\/{rel}","templated":true}]}}