{"id":9848,"date":"2021-07-12T11:42:43","date_gmt":"2021-07-12T14:42:43","guid":{"rendered":"https:\/\/portalnarede.com.br\/?p=9848"},"modified":"2021-07-12T11:42:43","modified_gmt":"2021-07-12T14:42:43","slug":"toquio-inicia-estado-de-emergencia-na-iminencia-da-olimpiada","status":"publish","type":"post","link":"https:\/\/portalr3.online\/index.php\/2021\/07\/12\/toquio-inicia-estado-de-emergencia-na-iminencia-da-olimpiada\/","title":{"rendered":"T\u00f3quio inicia estado de emerg\u00eancia na imin\u00eancia da Olimp\u00edada"},"content":{"rendered":"\n<p><em><strong>Abertura dos Jogos est\u00e1 programada para 23 de julho<\/strong><\/em><\/p>\n\n\n\n<p><em>Fonte: Ag\u00eancia Brasil<\/em><\/p>\n\n\n\n<p>A cidade de T\u00f3quio, sede da Olimp\u00edada que come\u00e7a neste m\u00eas, entrou em um novo estado de emerg\u00eancia para conter a covid-19 nesta segunda-feira (12), menos de duas semanas antes de os Jogos come\u00e7arem, em meio a d\u00favidas sobre a possibilidade de as medidas conterem um aumento de casos da doen\u00e7a.<img decoding=\"async\" src=\"https:\/\/agenciabrasil.ebc.com.br\/ebc.png?id=1415231&amp;o=node\"><img decoding=\"async\" src=\"https:\/\/agenciabrasil.ebc.com.br\/ebc.gif?id=1415231&amp;o=node\"><\/p>\n\n\n\n<p>Na semana passada, os organizadores anunciaram que os espectadores ser\u00e3o proibidos em quase todos os locais de competi\u00e7\u00e3o. Os espectadores estrangeiros j\u00e1 haviam sido barrados meses atr\u00e1s, e agora as autoridades est\u00e3o pedindo aos moradores que assistam o evento pela televis\u00e3o para manter a circula\u00e7\u00e3o de pessoas, que poderia disseminar o cont\u00e1gio, no m\u00ednimo.<\/p>\n\n\n\n<p>Pesquisas de opini\u00e3o mostram de forma cont\u00ednua que o p\u00fablico japon\u00eas est\u00e1 preocupado com a realiza\u00e7\u00e3o da Olimp\u00edada durante a pandemia.<\/p>\n\n\n\n<p>A maneira como o primeiro-ministro Yoshihide Suga lida com a pandemia &#8211;incluindo uma distribui\u00e7\u00e3o de vacinas inicialmente lenta&#8211; mina seu apoio. A quest\u00e3o \u00e9 especialmente delicada antes de uma elei\u00e7\u00e3o nacional e da defini\u00e7\u00e3o da lideran\u00e7a do partido governista no final deste ano.<\/p>\n\n\n\n<p>&#8220;Pedir\u00edamos \u00e0s pessoas que apoiem os atletas de casa&#8221;, disse o secret\u00e1rio-chefe de gabinete, Katsunobu Kato, em um programa de televis\u00e3o dominical.<\/p>\n\n\n\n<p>Os Jogos, adiados em um ano por causa da pandemia, ocorrer\u00e3o de 23 de julho a 8 de agosto, e o estado de emerg\u00eancia &#8211; o quarto da capital &#8211; dura at\u00e9 22 de agosto, pouco antes do in\u00edcio da Paralimp\u00edada.<\/p>\n\n\n\n<p>O governo e os organizadores veem os Jogos h\u00e1 tempos como uma chance de exibir a recupera\u00e7\u00e3o japonesa de um terremoto e uma crise nuclear devastadores ocorridos em 2011.<\/p>\n\n\n\n<p>No s\u00e1bado (10), o governador do munic\u00edpio de Fukushima, o local de um desastre nuclear, disse que os espectadores tamb\u00e9m ser\u00e3o proibidos nos jogos locais de softball e beisebol, revertendo uma decis\u00e3o anterior.<\/p>\n\n\n\n<p>Novak Djokovic, o tenista n\u00famero um do mundo, disse no domingo que est\u00e1 dividido a respeito da participa\u00e7\u00e3o na Olimp\u00edada de T\u00f3quio desde a decis\u00e3o dos organizadores de impedir a presen\u00e7a dos torcedores e de limitar o n\u00famero de pessoas que ele pode levar ao evento.<\/p>\n\n\n\n<p>Alguns dos maiores nomes do t\u00eanis, como Rafael Nadal, Dominic Thiem, Stanislas Wawrinka, Nick Kyrgios, Serena Williams e Simona Halep, j\u00e1 disseram que n\u00e3o atuar\u00e3o nos Jogos.<\/p>\n\n\n\n<p>O Jap\u00e3o registra mais de 815.440 casos de covid-19 e quase 15 mil mortes. Aumentos recentes em T\u00f3quio s\u00e3o particularmente preocupantes em meio a uma vacina\u00e7\u00e3o que come\u00e7ou lenta e enfrenta problemas de suprimento depois de ter acelerado. S\u00f3 cerca de 28% da popula\u00e7\u00e3o j\u00e1 recebeu ao menos uma dose de uma vacina contra covid-19.<\/p>\n","protected":false},"excerpt":{"rendered":"<p>Abertura dos Jogos est\u00e1 programada para 23 de julho Fonte: Ag\u00eancia Brasil A cidade de T\u00f3quio, sede da Olimp\u00edada que<\/p>\n","protected":false},"author":1,"featured_media":9849,"comment_status":"open","ping_status":"open","sticky":false,"template":"","format":"standard","meta":{"colormag_page_container_layout":"default_layout","colormag_page_sidebar_layout":"default_layout","footnotes":""},"categories":[743],"tags":[82,965,966,967,885,968],"class_list":["post-9848","post","type-post","status-publish","format-standard","has-post-thumbnail","hentry","category-mundo","tag-covid-19","tag-estado-de-emergencia","tag-jogos-olimpicos","tag-jogosolimpicos","tag-olimpiadas","tag-toquio"],"aioseo_notices":[],"_links":{"self":[{"href":"https:\/\/portalr3.online\/index.php\/wp-json\/wp\/v2\/posts\/9848","targetHints":{"allow":["GET"]}}],"collection":[{"href":"https:\/\/portalr3.online\/index.php\/wp-json\/wp\/v2\/posts"}],"about":[{"href":"https:\/\/portalr3.online\/index.php\/wp-json\/wp\/v2\/types\/post"}],"author":[{"embeddable":true,"href":"https:\/\/portalr3.online\/index.php\/wp-json\/wp\/v2\/users\/1"}],"replies":[{"embeddable":true,"href":"https:\/\/portalr3.online\/index.php\/wp-json\/wp\/v2\/comments?post=9848"}],"version-history":[{"count":0,"href":"https:\/\/portalr3.online\/index.php\/wp-json\/wp\/v2\/posts\/9848\/revisions"}],"wp:featuredmedia":[{"embeddable":true,"href":"https:\/\/portalr3.online\/index.php\/wp-json\/wp\/v2\/media\/9849"}],"wp:attachment":[{"href":"https:\/\/portalr3.online\/index.php\/wp-json\/wp\/v2\/media?parent=9848"}],"wp:term":[{"taxonomy":"category","embeddable":true,"href":"https:\/\/portalr3.online\/index.php\/wp-json\/wp\/v2\/categories?post=9848"},{"taxonomy":"post_tag","embeddable":true,"href":"https:\/\/portalr3.online\/index.php\/wp-json\/wp\/v2\/tags?post=9848"}],"curies":[{"name":"wp","href":"https:\/\/api.w.org\/{rel}","templated":true}]}}