{"id":9843,"date":"2021-07-12T12:13:26","date_gmt":"2021-07-12T15:13:26","guid":{"rendered":"https:\/\/portalnarede.com.br\/?p=9843"},"modified":"2021-07-12T12:13:26","modified_gmt":"2021-07-12T15:13:26","slug":"manifestantes-do-mtst-ocupam-praca-dois-leoes-desde-a-madrugada-desta-segunda-feira-12","status":"publish","type":"post","link":"https:\/\/portalr3.online\/index.php\/2021\/07\/12\/manifestantes-do-mtst-ocupam-praca-dois-leoes-desde-a-madrugada-desta-segunda-feira-12\/","title":{"rendered":"Manifestantes do MTST ocupam pra\u00e7a Dois Le\u00f5es desde a madrugada desta segunda-feira (12)"},"content":{"rendered":"\n<p><em>*Imagem CUT arquivo<\/em><\/p>\n\n\n\n<p><em>*Estagi\u00e1rio sob supervis\u00e3o<\/em><\/p>\n\n\n\n<p>Os integrantes do Movimento dos Trabalhadores Sem Teto (MTST) realizam, desde a madrugada desta segunda-feira (12), um protesto em Macei\u00f3. Segundo a coordenadora do movimento, Eliane Silva, 500 pessoas participam da manifesta\u00e7\u00e3o. Agora, o movimento ocupa a pra\u00e7a Dois Le\u00f5es, no bairro do Jaragu\u00e1.<\/p>\n\n\n\n<p>Os manifestantes solicitam a constru\u00e7\u00e3o de novas moradias. A Prefeitura de Macei\u00f3 emitiu uma nota para a imprensa onde informa que j\u00e1 recebeu representantes do movimento para discutir a pauta de reivindica\u00e7\u00f5es.<\/p>\n\n\n\n<p>Nota:<\/p>\n\n\n\n<p><em>A Prefeitura de Macei\u00f3 teve conhecimento ainda na noite desse domingo (11) sobre a ocupa\u00e7\u00e3o dos membros do Movimento dos Trabalhadores Sem Teto (MTST) na Pra\u00e7a Dois Le\u00f5es, em Jaragu\u00e1. J\u00e1 na manh\u00e3 de hoje (12), a Prefeitura teve uma primeira reuni\u00e3o com a l\u00edder do movimento, Eliane Silva, para ouvir as demandas do grupo.<\/em><\/p>\n\n\n\n<p><em>Um dos pontos destacados pelo movimento \u00e9 a constru\u00e7\u00e3o de moradias dignas na Orla Lagunar, local em que a Prefeitura vem dando celeridade ao projeto, com a constru\u00e7\u00e3o de mais de 1.700 im\u00f3veis do conjunto Parque da Lagoa. Gra\u00e7as ao empenho da atual gest\u00e3o, a obras est\u00e3o avan\u00e7adas e a estimativa \u00e9 que em dezembro deste ano 50% das moradias j\u00e1 sejam entregues.<\/em><\/p>\n\n\n\n<p><em>Al\u00e9m do Parque da Lagoa, a Prefeitura tamb\u00e9m est\u00e1 construindo mais dez unidades habitacionais, que ir\u00e3o beneficiar mais de 5.760 fam\u00edlias da capital. Os empreendimentos est\u00e3o localizados nos bairros da Santa Am\u00e9lia, Santos Dumont e Benedito Bentes.<\/em><\/p>\n","protected":false},"excerpt":{"rendered":"<p>*Imagem CUT arquivo *Estagi\u00e1rio sob supervis\u00e3o Os integrantes do Movimento dos Trabalhadores Sem Teto (MTST) realizam, desde a madrugada desta<\/p>\n","protected":false},"author":1,"featured_media":9851,"comment_status":"open","ping_status":"open","sticky":false,"template":"","format":"standard","meta":{"colormag_page_container_layout":"default_layout","colormag_page_sidebar_layout":"default_layout","footnotes":""},"categories":[10],"tags":[37,345,962],"class_list":["post-9843","post","type-post","status-publish","format-standard","has-post-thumbnail","hentry","category-noticias","tag-maceio","tag-manifestacao","tag-mtst"],"aioseo_notices":[],"_links":{"self":[{"href":"https:\/\/portalr3.online\/index.php\/wp-json\/wp\/v2\/posts\/9843","targetHints":{"allow":["GET"]}}],"collection":[{"href":"https:\/\/portalr3.online\/index.php\/wp-json\/wp\/v2\/posts"}],"about":[{"href":"https:\/\/portalr3.online\/index.php\/wp-json\/wp\/v2\/types\/post"}],"author":[{"embeddable":true,"href":"https:\/\/portalr3.online\/index.php\/wp-json\/wp\/v2\/users\/1"}],"replies":[{"embeddable":true,"href":"https:\/\/portalr3.online\/index.php\/wp-json\/wp\/v2\/comments?post=9843"}],"version-history":[{"count":0,"href":"https:\/\/portalr3.online\/index.php\/wp-json\/wp\/v2\/posts\/9843\/revisions"}],"wp:featuredmedia":[{"embeddable":true,"href":"https:\/\/portalr3.online\/index.php\/wp-json\/wp\/v2\/media\/9851"}],"wp:attachment":[{"href":"https:\/\/portalr3.online\/index.php\/wp-json\/wp\/v2\/media?parent=9843"}],"wp:term":[{"taxonomy":"category","embeddable":true,"href":"https:\/\/portalr3.online\/index.php\/wp-json\/wp\/v2\/categories?post=9843"},{"taxonomy":"post_tag","embeddable":true,"href":"https:\/\/portalr3.online\/index.php\/wp-json\/wp\/v2\/tags?post=9843"}],"curies":[{"name":"wp","href":"https:\/\/api.w.org\/{rel}","templated":true}]}}