{"id":9831,"date":"2021-07-12T09:35:20","date_gmt":"2021-07-12T12:35:20","guid":{"rendered":"https:\/\/portalnarede.com.br\/?p=9831"},"modified":"2021-07-12T09:35:20","modified_gmt":"2021-07-12T12:35:20","slug":"marechal-deodoro-homem-que-conduzia-moto-a-pe-no-acostamento-morre-apos-ser-atingido-por-veiculo-motorista-fugiu-sem-prestar-socorro","status":"publish","type":"post","link":"https:\/\/portalr3.online\/index.php\/2021\/07\/12\/marechal-deodoro-homem-que-conduzia-moto-a-pe-no-acostamento-morre-apos-ser-atingido-por-veiculo-motorista-fugiu-sem-prestar-socorro\/","title":{"rendered":"Marechal Deodoro: Homem que conduzia moto a p\u00e9 no acostamento morre ap\u00f3s ser atingido por ve\u00edculo; motorista fugiu sem prestar socorro"},"content":{"rendered":"\n<p><em>Imagem: BPRv<\/em><\/p>\n\n\n\n<p><em>*Estagi\u00e1rio sob supervis\u00e3o<\/em><\/p>\n\n\n\n<p>Um motociclista que carregava o ve\u00edculo a p\u00e9 morreu, nesta segunda-feira (12), ap\u00f3s ser atingido por um carro, em Alagoas. O motorista do carro, sem prestar socorro, fugiu do local do acidente. O caso se deu no munic\u00edpio de Marechal Deodoro.<\/p>\n\n\n\n<p>A v\u00edtima, que n\u00e3o teve a identidade revelada, veio a \u00f3bito no local, antes mesmo da chegada dos primeiros socorros. Ela estava no acostamento, conduzindo a motocicleta a p\u00e9.<\/p>\n\n\n\n<p>O condutor do ve\u00edculo n\u00e3o prestou socorro, fugindo do local do acidente. Segundo o portal J\u00e1 \u00e9 Not\u00edcia, o motorista seguia sentido Franc\u00eas\/Centro de Marechal Deodoro.<\/p>\n\n\n\n<p>Equipes do Batalh\u00e3o de Pol\u00edcia Rodovi\u00e1rio (BPRv) e Instituto M\u00e9dico Legal (IML) estiveram no local e realizaram os procedimentos cab\u00edveis.<\/p>\n","protected":false},"excerpt":{"rendered":"<p>Imagem: BPRv *Estagi\u00e1rio sob supervis\u00e3o Um motociclista que carregava o ve\u00edculo a p\u00e9 morreu, nesta segunda-feira (12), ap\u00f3s ser atingido<\/p>\n","protected":false},"author":1,"featured_media":9832,"comment_status":"open","ping_status":"open","sticky":false,"template":"","format":"standard","meta":{"colormag_page_container_layout":"default_layout","colormag_page_sidebar_layout":"default_layout","footnotes":""},"categories":[22],"tags":[53,415,961,155,58,43],"class_list":["post-9831","post","type-post","status-publish","format-standard","has-post-thumbnail","hentry","category-cidades","tag-acidente","tag-colisao-entre-carro-e-moto","tag-frances","tag-marechal-deodoro","tag-motociclista","tag-motorista"],"aioseo_notices":[],"_links":{"self":[{"href":"https:\/\/portalr3.online\/index.php\/wp-json\/wp\/v2\/posts\/9831","targetHints":{"allow":["GET"]}}],"collection":[{"href":"https:\/\/portalr3.online\/index.php\/wp-json\/wp\/v2\/posts"}],"about":[{"href":"https:\/\/portalr3.online\/index.php\/wp-json\/wp\/v2\/types\/post"}],"author":[{"embeddable":true,"href":"https:\/\/portalr3.online\/index.php\/wp-json\/wp\/v2\/users\/1"}],"replies":[{"embeddable":true,"href":"https:\/\/portalr3.online\/index.php\/wp-json\/wp\/v2\/comments?post=9831"}],"version-history":[{"count":0,"href":"https:\/\/portalr3.online\/index.php\/wp-json\/wp\/v2\/posts\/9831\/revisions"}],"wp:featuredmedia":[{"embeddable":true,"href":"https:\/\/portalr3.online\/index.php\/wp-json\/wp\/v2\/media\/9832"}],"wp:attachment":[{"href":"https:\/\/portalr3.online\/index.php\/wp-json\/wp\/v2\/media?parent=9831"}],"wp:term":[{"taxonomy":"category","embeddable":true,"href":"https:\/\/portalr3.online\/index.php\/wp-json\/wp\/v2\/categories?post=9831"},{"taxonomy":"post_tag","embeddable":true,"href":"https:\/\/portalr3.online\/index.php\/wp-json\/wp\/v2\/tags?post=9831"}],"curies":[{"name":"wp","href":"https:\/\/api.w.org\/{rel}","templated":true}]}}