{"id":9827,"date":"2021-07-12T08:29:03","date_gmt":"2021-07-12T11:29:03","guid":{"rendered":"https:\/\/portalnarede.com.br\/?p=9827"},"modified":"2021-07-12T08:29:03","modified_gmt":"2021-07-12T11:29:03","slug":"suspeito-de-ter-agredido-a-propria-companheira-e-preso-no-farol-o-crime-teria-ocorrido-no-local-de-trabalho-do-agressor","status":"publish","type":"post","link":"https:\/\/portalr3.online\/index.php\/2021\/07\/12\/suspeito-de-ter-agredido-a-propria-companheira-e-preso-no-farol-o-crime-teria-ocorrido-no-local-de-trabalho-do-agressor\/","title":{"rendered":"Suspeito de ter agredido a pr\u00f3pria companheira \u00e9 preso no Farol; o crime teria ocorrido no local de trabalho do agressor"},"content":{"rendered":"\n<p><em>Imagem: Assessoria<\/em> <\/p>\n\n\n\n<p><em>*Estagi\u00e1rio sob supervis\u00e3o<\/em><\/p>\n\n\n\n<p>Um homem foi preso, nesse domingo (11), suspeito de ter agredido a pr\u00f3pria companheira, em Macei\u00f3. Segundo a v\u00edtima, o crime teria ocorrido no local de trabalho do agressor. A ocorr\u00eancia se deu na Ladeira Geraldo Melo, no bairro do Farol.<\/p>\n\n\n\n<p>A v\u00edtima, uma mulher de 31 anos de idade, relatou as agress\u00f5es sofridas aos militares. No momento em que os agentes do 1\u00ba Batalh\u00e3o de Pol\u00edcia Militar chegaram ao local, ela se encontrava com a irm\u00e3.<\/p>\n\n\n\n<p>O suspeito, de 33 anos, foi encontrado pelos agentes no local em que a v\u00edtima havia informado.<\/p>\n\n\n\n<p>Diante dos fatos, o homem foi conduzido \u00e0 Delegacia Central de Flagrantes, localizada na avenida Fernandes Lima. Nesta, ele foi autuado em flagrante por amea\u00e7a e les\u00e3o corporal.<\/p>\n","protected":false},"excerpt":{"rendered":"<p>Imagem: Assessoria *Estagi\u00e1rio sob supervis\u00e3o Um homem foi preso, nesse domingo (11), suspeito de ter agredido a pr\u00f3pria companheira, em<\/p>\n","protected":false},"author":1,"featured_media":4270,"comment_status":"open","ping_status":"open","sticky":false,"template":"","format":"standard","meta":{"colormag_page_container_layout":"default_layout","colormag_page_sidebar_layout":"default_layout","footnotes":""},"categories":[10],"tags":[959,37,782,783],"class_list":["post-9827","post","type-post","status-publish","format-standard","has-post-thumbnail","hentry","category-noticias","tag-farol","tag-maceio","tag-maria-da-penha","tag-violencia-contra-a-mulher"],"aioseo_notices":[],"_links":{"self":[{"href":"https:\/\/portalr3.online\/index.php\/wp-json\/wp\/v2\/posts\/9827","targetHints":{"allow":["GET"]}}],"collection":[{"href":"https:\/\/portalr3.online\/index.php\/wp-json\/wp\/v2\/posts"}],"about":[{"href":"https:\/\/portalr3.online\/index.php\/wp-json\/wp\/v2\/types\/post"}],"author":[{"embeddable":true,"href":"https:\/\/portalr3.online\/index.php\/wp-json\/wp\/v2\/users\/1"}],"replies":[{"embeddable":true,"href":"https:\/\/portalr3.online\/index.php\/wp-json\/wp\/v2\/comments?post=9827"}],"version-history":[{"count":0,"href":"https:\/\/portalr3.online\/index.php\/wp-json\/wp\/v2\/posts\/9827\/revisions"}],"wp:featuredmedia":[{"embeddable":true,"href":"https:\/\/portalr3.online\/index.php\/wp-json\/"}],"wp:attachment":[{"href":"https:\/\/portalr3.online\/index.php\/wp-json\/wp\/v2\/media?parent=9827"}],"wp:term":[{"taxonomy":"category","embeddable":true,"href":"https:\/\/portalr3.online\/index.php\/wp-json\/wp\/v2\/categories?post=9827"},{"taxonomy":"post_tag","embeddable":true,"href":"https:\/\/portalr3.online\/index.php\/wp-json\/wp\/v2\/tags?post=9827"}],"curies":[{"name":"wp","href":"https:\/\/api.w.org\/{rel}","templated":true}]}}