{"id":9823,"date":"2021-07-11T23:14:29","date_gmt":"2021-07-12T02:14:29","guid":{"rendered":"https:\/\/portalnarede.com.br\/?p=9823"},"modified":"2021-07-11T23:14:29","modified_gmt":"2021-07-12T02:14:29","slug":"covid-19-ex-diretor-geral-da-policia-civil-de-alagoas-delegado-jose-edson-morre-aos-44-anos","status":"publish","type":"post","link":"https:\/\/portalr3.online\/index.php\/2021\/07\/11\/covid-19-ex-diretor-geral-da-policia-civil-de-alagoas-delegado-jose-edson-morre-aos-44-anos\/","title":{"rendered":"Covid-19:  Ex-diretor geral da Pol\u00edcia Civil de Alagoas, delegado Jos\u00e9 Edson morre, aos 44 anos"},"content":{"rendered":"\n<p><em>Delegado estava internado em um hospital no Rio de Janeiro<\/em> e n\u00e3o resistiu<\/p>\n\n\n\n<p>O delegado e ex-diretor geral da Pol\u00edcia Civil de Alagoas, Jos\u00e9 Edson, morreu, aos 44 anos, neste domingo (11) em decorr\u00eancia de complica\u00e7\u00f5es provocadas pela Covid-19. Jos\u00e9 Edson havia sido transferido para um hospital no Rio de Janeiro. Chegou a ser intubado e fez uso de Oxigena\u00e7\u00e3o Extracorp\u00f3rea por Membrana (ECMO).<\/p>\n\n\n\n<p>De acordo com amigos, o quadro de sa\u00fade de Jos\u00e9 Edson se agravou nas \u00faltimas horas, ap\u00f3s uma expectativa de melhora. Os colegas e familiares chegaram a fazer campanha para custear o tratamento fora do estado.<\/p>\n\n\n\n<p>Nas redes sociais, amigos e colegas de profiss\u00e3o se despediram. \u201cA vida nos apresenta amigos, e nos imp\u00f5e a despedida desses mesmos amigos. O c\u00e9u est\u00e1 em festa com seu pai e o velho Vieira lhe esperando de bra\u00e7os abertos! Combateu o bom combate, lutou at\u00e9 o fim. Meu conforto espiritual a todos familiares e amigos\u201d, Marc\u00edlio Barenco, ex-diretor geral da Pol\u00edcia Civil de Alagoas.<\/p>\n\n\n\n<p>Jos\u00e9 Edson estava lotado na Corregedoria da Pol\u00edcia Civil, mas j\u00e1 chegou a ocupar o cargo de delegado-geral, no ano de 2012 quando, o ent\u00e3o chefe da PC, delegado Marc\u00edlio Barenco, de quem era adjunto, deixou o Estado ap\u00f3s passar em outro concurso p\u00fablico. Ele ingressou na Pol\u00edcia Civil de Alagoas, em concurso realizado no ano de 2002.<\/p>\n\n\n\n<p>A fam\u00edlia ainda n\u00e3o informou sobre o sepultamento.<\/p>\n","protected":false},"excerpt":{"rendered":"<p>Delegado estava internado em um hospital no Rio de Janeiro e n\u00e3o resistiu O delegado e ex-diretor geral da Pol\u00edcia<\/p>\n","protected":false},"author":1,"featured_media":9824,"comment_status":"open","ping_status":"open","sticky":false,"template":"","format":"standard","meta":{"colormag_page_container_layout":"default_layout","colormag_page_sidebar_layout":"default_layout","footnotes":""},"categories":[10],"tags":[],"class_list":["post-9823","post","type-post","status-publish","format-standard","has-post-thumbnail","hentry","category-noticias"],"aioseo_notices":[],"_links":{"self":[{"href":"https:\/\/portalr3.online\/index.php\/wp-json\/wp\/v2\/posts\/9823","targetHints":{"allow":["GET"]}}],"collection":[{"href":"https:\/\/portalr3.online\/index.php\/wp-json\/wp\/v2\/posts"}],"about":[{"href":"https:\/\/portalr3.online\/index.php\/wp-json\/wp\/v2\/types\/post"}],"author":[{"embeddable":true,"href":"https:\/\/portalr3.online\/index.php\/wp-json\/wp\/v2\/users\/1"}],"replies":[{"embeddable":true,"href":"https:\/\/portalr3.online\/index.php\/wp-json\/wp\/v2\/comments?post=9823"}],"version-history":[{"count":0,"href":"https:\/\/portalr3.online\/index.php\/wp-json\/wp\/v2\/posts\/9823\/revisions"}],"wp:featuredmedia":[{"embeddable":true,"href":"https:\/\/portalr3.online\/index.php\/wp-json\/wp\/v2\/media\/9824"}],"wp:attachment":[{"href":"https:\/\/portalr3.online\/index.php\/wp-json\/wp\/v2\/media?parent=9823"}],"wp:term":[{"taxonomy":"category","embeddable":true,"href":"https:\/\/portalr3.online\/index.php\/wp-json\/wp\/v2\/categories?post=9823"},{"taxonomy":"post_tag","embeddable":true,"href":"https:\/\/portalr3.online\/index.php\/wp-json\/wp\/v2\/tags?post=9823"}],"curies":[{"name":"wp","href":"https:\/\/api.w.org\/{rel}","templated":true}]}}