{"id":9806,"date":"2021-07-11T18:10:53","date_gmt":"2021-07-11T21:10:53","guid":{"rendered":"https:\/\/portalnarede.com.br\/?p=9806"},"modified":"2021-07-11T18:10:53","modified_gmt":"2021-07-11T21:10:53","slug":"uma-tonelada-de-alimentos-estragados-sao-recolhidos-pela-vigilancia-sanitaria-no-fim-de-semana","status":"publish","type":"post","link":"https:\/\/portalr3.online\/index.php\/2021\/07\/11\/uma-tonelada-de-alimentos-estragados-sao-recolhidos-pela-vigilancia-sanitaria-no-fim-de-semana\/","title":{"rendered":"Uma tonelada de alimentos estragados s\u00e3o recolhidos pela Vigil\u00e2ncia Sanit\u00e1ria no fim de semana"},"content":{"rendered":"\n<p><em>Mais de 24 toneladas de alimentos j\u00e1 foram recolhidos desde fevereiro<\/em><\/p>\n\n\n\n<p>Em mais uma opera\u00e7\u00e3o realizada neste s\u00e1bado (10) e domingo (12), fiscais da Vigil\u00e2ncia Sanit\u00e1ria de Macei\u00f3 recolheram uma tonelada de carnes e outros alimentos perec\u00edveis estragados ou que j\u00e1 estavam fora do prazo de validade. A a\u00e7\u00e3o aconteceu nos bairros do Benedito Bentes, Levada e Vergel do Lago.<\/p>\n\n\n\n<p>A fiscaliza\u00e7\u00e3o percorreu supermercados e frigor\u00edficos dos bairros. Do total de alimentos recolhidos, 600 kg de frango estragado foram recolhidos de um \u00fanico frigor\u00edfico. Tamb\u00e9m foram retirados dos estabelecimentos carnes bovina e su\u00edna, lingui\u00e7as caseira e calabresa, salsichas, queijos e presuntos.<\/p>\n\n\n\n<p>\u201cA Vigil\u00e2ncia Sanit\u00e1ria de Macei\u00f3 est\u00e1 de olho vivo e continua percorrendo a cidade para garantir o cumprimento das normas sanit\u00e1rias e retirar de circula\u00e7\u00e3o qualquer produto que traga risco \u00e0 sa\u00fade do consumidor\u201d, ressalta o coordenador da Visa, Airton dos Santos.<\/p>\n\n\n\n<p>Os estabelecimentos foram notificados e orientados para regularizar a situa\u00e7\u00e3o. Al\u00e9m disso, eles podem ser multados em valores que variam de R$ 180 e R$ 19 mil.<\/p>\n\n\n\n<p>Desde fevereiro deste ano, a Visa de Macei\u00f3 apreendeu mais de 24 toneladas de alimentos estragados e\/ou fora da validade em diversos estabelecimentos. Ap\u00f3s o recolhimento, os produtos s\u00e3o descartados no aterro sanit\u00e1rio.<\/p>\n\n\n\n<p>Secom Macei\u00f3<\/p>\n\n\n\n<p>Foto: Visa Macei\u00f3<\/p>\n","protected":false},"excerpt":{"rendered":"<p>Mais de 24 toneladas de alimentos j\u00e1 foram recolhidos desde fevereiro Em mais uma opera\u00e7\u00e3o realizada neste s\u00e1bado (10) e<\/p>\n","protected":false},"author":1,"featured_media":9807,"comment_status":"open","ping_status":"open","sticky":false,"template":"","format":"standard","meta":{"colormag_page_container_layout":"default_layout","colormag_page_sidebar_layout":"default_layout","footnotes":""},"categories":[10],"tags":[],"class_list":["post-9806","post","type-post","status-publish","format-standard","has-post-thumbnail","hentry","category-noticias"],"aioseo_notices":[],"_links":{"self":[{"href":"https:\/\/portalr3.online\/index.php\/wp-json\/wp\/v2\/posts\/9806","targetHints":{"allow":["GET"]}}],"collection":[{"href":"https:\/\/portalr3.online\/index.php\/wp-json\/wp\/v2\/posts"}],"about":[{"href":"https:\/\/portalr3.online\/index.php\/wp-json\/wp\/v2\/types\/post"}],"author":[{"embeddable":true,"href":"https:\/\/portalr3.online\/index.php\/wp-json\/wp\/v2\/users\/1"}],"replies":[{"embeddable":true,"href":"https:\/\/portalr3.online\/index.php\/wp-json\/wp\/v2\/comments?post=9806"}],"version-history":[{"count":0,"href":"https:\/\/portalr3.online\/index.php\/wp-json\/wp\/v2\/posts\/9806\/revisions"}],"wp:featuredmedia":[{"embeddable":true,"href":"https:\/\/portalr3.online\/index.php\/wp-json\/wp\/v2\/media\/9807"}],"wp:attachment":[{"href":"https:\/\/portalr3.online\/index.php\/wp-json\/wp\/v2\/media?parent=9806"}],"wp:term":[{"taxonomy":"category","embeddable":true,"href":"https:\/\/portalr3.online\/index.php\/wp-json\/wp\/v2\/categories?post=9806"},{"taxonomy":"post_tag","embeddable":true,"href":"https:\/\/portalr3.online\/index.php\/wp-json\/wp\/v2\/tags?post=9806"}],"curies":[{"name":"wp","href":"https:\/\/api.w.org\/{rel}","templated":true}]}}