{"id":9799,"date":"2021-07-11T14:32:30","date_gmt":"2021-07-11T17:32:30","guid":{"rendered":"https:\/\/portalnarede.com.br\/?p=9799"},"modified":"2021-07-11T14:32:30","modified_gmt":"2021-07-11T17:32:30","slug":"ao-vivo-acompanhe-a-live-da-banda-cachorro-urubu-em-tributo-a-raul-seixas","status":"publish","type":"post","link":"https:\/\/portalr3.online\/index.php\/2021\/07\/11\/ao-vivo-acompanhe-a-live-da-banda-cachorro-urubu-em-tributo-a-raul-seixas\/","title":{"rendered":"AO VIVO: ACOMPANHE A LIVE DA BANDA CACHORRO URUBU EM TRIBUTO A RAUL SEIXAS"},"content":{"rendered":"\n<p>O dia 13 de julho \u00e9 mais conhecido como Dia Mundial do Rock. E para comemorar a data, o YouTube\/NAREDEOFICIAL retransmitIr a live em Tributo a Raul Seixas, comandada pela melhor banda cover a Cachorro Urubu. O evento \u00e9 realizado pela Funda\u00e7\u00e3o Municipal de A\u00e7\u00e3o Cultural (FMAC) e ocorre neste domingo, a partir 15h.<\/p>\n\n\n\n<p>Acompanhe aqui que vai rolar muito TOCAAAA RAULLL:<\/p>\n\n\n\n<figure class=\"wp-block-embed is-type-video is-provider-youtube wp-block-embed-youtube wp-embed-aspect-16-9 wp-has-aspect-ratio\"><div class=\"wp-block-embed__wrapper\">\n<iframe loading=\"lazy\" title=\"LIVE AO VIVO RAUL SEIXAS COM BANDA CACHORRO URUBU\" width=\"800\" height=\"450\" src=\"https:\/\/www.youtube.com\/embed\/hhtisCZfJRE?feature=oembed\" frameborder=\"0\" allow=\"accelerometer; autoplay; clipboard-write; encrypted-media; gyroscope; picture-in-picture\" allowfullscreen><\/iframe>\n<\/div><\/figure>\n","protected":false},"excerpt":{"rendered":"<p>O dia 13 de julho \u00e9 mais conhecido como Dia Mundial do Rock. E para comemorar a data, o YouTube\/NAREDEOFICIAL<\/p>\n","protected":false},"author":1,"featured_media":9801,"comment_status":"open","ping_status":"open","sticky":false,"template":"","format":"standard","meta":{"colormag_page_container_layout":"default_layout","colormag_page_sidebar_layout":"default_layout","footnotes":""},"categories":[10],"tags":[943,60,944,945,946,360,947,141,948],"class_list":["post-9799","post","type-post","status-publish","format-standard","has-post-thumbnail","hentry","category-noticias","tag-cachorro-urubu","tag-live","tag-live-cachorro-urubu","tag-live-de-rock","tag-live-dia-do-rock","tag-live-prefeitura-de-maceio","tag-live-tributo-raul-seixas","tag-prefeitura-de-maceio","tag-toca-raul"],"aioseo_notices":[],"_links":{"self":[{"href":"https:\/\/portalr3.online\/index.php\/wp-json\/wp\/v2\/posts\/9799","targetHints":{"allow":["GET"]}}],"collection":[{"href":"https:\/\/portalr3.online\/index.php\/wp-json\/wp\/v2\/posts"}],"about":[{"href":"https:\/\/portalr3.online\/index.php\/wp-json\/wp\/v2\/types\/post"}],"author":[{"embeddable":true,"href":"https:\/\/portalr3.online\/index.php\/wp-json\/wp\/v2\/users\/1"}],"replies":[{"embeddable":true,"href":"https:\/\/portalr3.online\/index.php\/wp-json\/wp\/v2\/comments?post=9799"}],"version-history":[{"count":0,"href":"https:\/\/portalr3.online\/index.php\/wp-json\/wp\/v2\/posts\/9799\/revisions"}],"wp:featuredmedia":[{"embeddable":true,"href":"https:\/\/portalr3.online\/index.php\/wp-json\/wp\/v2\/media\/9801"}],"wp:attachment":[{"href":"https:\/\/portalr3.online\/index.php\/wp-json\/wp\/v2\/media?parent=9799"}],"wp:term":[{"taxonomy":"category","embeddable":true,"href":"https:\/\/portalr3.online\/index.php\/wp-json\/wp\/v2\/categories?post=9799"},{"taxonomy":"post_tag","embeddable":true,"href":"https:\/\/portalr3.online\/index.php\/wp-json\/wp\/v2\/tags?post=9799"}],"curies":[{"name":"wp","href":"https:\/\/api.w.org\/{rel}","templated":true}]}}