{"id":9764,"date":"2021-07-10T15:42:46","date_gmt":"2021-07-10T18:42:46","guid":{"rendered":"https:\/\/portalnarede.com.br\/?p=9764"},"modified":"2021-07-10T15:42:46","modified_gmt":"2021-07-10T18:42:46","slug":"apos-obras-de-manutencao-ladeira-da-moenda-e-liberada","status":"publish","type":"post","link":"https:\/\/portalr3.online\/index.php\/2021\/07\/10\/apos-obras-de-manutencao-ladeira-da-moenda-e-liberada\/","title":{"rendered":"Ap\u00f3s obras de manuten\u00e7\u00e3o, Ladeira da Moenda \u00e9 liberada"},"content":{"rendered":"\n<p><\/p>\n\n\n\n<p>Com informa\u00e7\u00f5es e foto: Assessoria<\/p>\n\n\n\n<p><\/p>\n\n\n\n<p>Ap\u00f3s realizar os servi\u00e7os de manuten\u00e7\u00e3o na ponte que d\u00e1 acesso \u00e0 Ladeira da Grota da Moenda, que fica no bairro do Feitosa, a Secretaria Municipal de Infraestrutura liberou, na manh\u00e3 deste s\u00e1bado (10), o tr\u00e1fego de ve\u00edculos na via.<\/p>\n\n\n\n<p>Durante a interdi\u00e7\u00e3o, os t\u00e9cnicos realizaram o processo de recupera\u00e7\u00e3o total da base da cabeceira da ponte, que estava desgastada e causava risco de colapso para a estrutura.<\/p>\n\n\n\n<p>Com a estrutura segura para garantir o fluxo de ve\u00edculos na regi\u00e3o, os t\u00e9cnicos ir\u00e3o iniciar a segunda etapa da obra, onde ser\u00e1 executada a manuten\u00e7\u00e3o do muro lateral que serve para captar e direcionar o escoamento das \u00e1guas (ponta de ala) e a constru\u00e7\u00e3o de quatro escadas drenantes.<\/p>\n\n\n\n<p>A a\u00e7\u00e3o tem o objetivo de reduzir a for\u00e7a da \u00e1gua da chuva e diminuir o risco de eros\u00e3o na encosta que fica pr\u00f3xima ao local.<\/p>\n\n\n\n<p>\u201cA ponte da Ladeira da Moenda estava sem receber manuten\u00e7\u00e3o h\u00e1 mais de cinco anos, o que contribuiu para que houvesse o desgaste na estrutura do acesso. Com a via liberada, vamos dar continuidade \u00e0s demais etapas, para levar mais tranquilidade aos condutores e moradores da regi\u00e3o\u201d, assegurou o secret\u00e1rio adjunto de Obras, Vandebilto Magalh\u00e3es.<\/p>\n\n\n\n<p>Ainda no local, a Superintend\u00eancia Municipal de Desenvolvimento Sustent\u00e1vel realizou a capina\u00e7\u00e3o, limpeza e pintura de meio fio na regi\u00e3o. 24 agentes de limpeza integraram a a\u00e7\u00e3o. Al\u00e9m disso, tamb\u00e9m executaram o processo de desassoreamento do canal que passa pelo local.<\/p>\n\n\n\n<p>Ivens Peixoto, superintendente de Desenvolvimento Sustent\u00e1vel, refor\u00e7a que a ladeira \u00e9 de extrema import\u00e2ncia para a locomo\u00e7\u00e3o na cidade.<\/p>\n\n\n\n<p>\u201cSabemos que a Ladeira da Moenda tem grande circula\u00e7\u00e3o de autom\u00f3veis e desafoga algumas avenidas da cidade. Por isso, realizamos a limpeza do local e iremos iniciar a retirada de detritos do fundo do canal, evitando que no per\u00edodo chuvoso haja transbordamentos e transtornos para quem passa ou vive na regi\u00e3o\u201d, disse.<\/p>\n\n\n\n<p><strong>Interdi\u00e7\u00e3o<\/strong><\/p>\n\n\n\n<p>O tr\u00e1fego de ve\u00edculos na ponte que d\u00e1 acesso \u00e0 Ladeira da Grota da Moenda foi interditado no dia 24 de junho, quando agentes da Defesa Civil de Macei\u00f3 identificaram que parte da cabeceira da ponte estava sofrendo um processo de eros\u00e3o.<\/p>\n\n\n\n<p>J\u00e1 no dia 25, t\u00e9cnicos da Secretaria de Infraestrutura estiveram no local avaliando o problema e iniciando as obras de recupera\u00e7\u00e3o da ponte.<\/p>\n","protected":false},"excerpt":{"rendered":"<p>Com informa\u00e7\u00f5es e foto: Assessoria Ap\u00f3s realizar os servi\u00e7os de manuten\u00e7\u00e3o na ponte que d\u00e1 acesso \u00e0 Ladeira da Grota<\/p>\n","protected":false},"author":1,"featured_media":9765,"comment_status":"open","ping_status":"open","sticky":false,"template":"","format":"standard","meta":{"colormag_page_container_layout":"default_layout","colormag_page_sidebar_layout":"default_layout","footnotes":""},"categories":[10],"tags":[921,922,923,400,924,925],"class_list":["post-9764","post","type-post","status-publish","format-standard","has-post-thumbnail","hentry","category-noticias","tag-ladeira-da-moenda","tag-liberada","tag-obras","tag-obras-prefeitura-de-maceio","tag-trafego","tag-transito"],"aioseo_notices":[],"_links":{"self":[{"href":"https:\/\/portalr3.online\/index.php\/wp-json\/wp\/v2\/posts\/9764","targetHints":{"allow":["GET"]}}],"collection":[{"href":"https:\/\/portalr3.online\/index.php\/wp-json\/wp\/v2\/posts"}],"about":[{"href":"https:\/\/portalr3.online\/index.php\/wp-json\/wp\/v2\/types\/post"}],"author":[{"embeddable":true,"href":"https:\/\/portalr3.online\/index.php\/wp-json\/wp\/v2\/users\/1"}],"replies":[{"embeddable":true,"href":"https:\/\/portalr3.online\/index.php\/wp-json\/wp\/v2\/comments?post=9764"}],"version-history":[{"count":0,"href":"https:\/\/portalr3.online\/index.php\/wp-json\/wp\/v2\/posts\/9764\/revisions"}],"wp:featuredmedia":[{"embeddable":true,"href":"https:\/\/portalr3.online\/index.php\/wp-json\/wp\/v2\/media\/9765"}],"wp:attachment":[{"href":"https:\/\/portalr3.online\/index.php\/wp-json\/wp\/v2\/media?parent=9764"}],"wp:term":[{"taxonomy":"category","embeddable":true,"href":"https:\/\/portalr3.online\/index.php\/wp-json\/wp\/v2\/categories?post=9764"},{"taxonomy":"post_tag","embeddable":true,"href":"https:\/\/portalr3.online\/index.php\/wp-json\/wp\/v2\/tags?post=9764"}],"curies":[{"name":"wp","href":"https:\/\/api.w.org\/{rel}","templated":true}]}}