{"id":9756,"date":"2021-07-10T14:56:38","date_gmt":"2021-07-10T17:56:38","guid":{"rendered":"https:\/\/portalnarede.com.br\/?p=9756"},"modified":"2021-07-10T14:56:38","modified_gmt":"2021-07-10T17:56:38","slug":"dia-d-da-vacinacao-contra-influenza-imuniza-quase-15-mil-pessoas","status":"publish","type":"post","link":"https:\/\/portalr3.online\/index.php\/2021\/07\/10\/dia-d-da-vacinacao-contra-influenza-imuniza-quase-15-mil-pessoas\/","title":{"rendered":"Dia D da vacina\u00e7\u00e3o contra influenza imuniza quase 15 mil pessoas"},"content":{"rendered":"\n<p><\/p>\n\n\n\n<p>Com informa\u00e7\u00f5es: Assessoria \/ Foto: Pei Fon &#8211; Secom Macei\u00f3<\/p>\n\n\n\n<p><\/p>\n\n\n\n<p>Durante o Dia D de vacina\u00e7\u00e3o contra a influenza, que aconteceu na sexta-feira (9), 14.905 pessoas foram vacinadas nos 15 pontos estrat\u00e9gicos, como feirinhas, centro, shoppings e demais pontos que imunizam, normalmente, contra covid-19.<\/p>\n\n\n\n<p>A vacina\u00e7\u00e3o contra a gripe, que foi ampliada para toda a popula\u00e7\u00e3o a partir dos seis meses de idade, j\u00e1 aplicou mais de 150.584 doses nos maceioenses.<\/p>\n\n\n\n<p>A estrat\u00e9gia adotada permitiu que os maceioenses contassem com 15 pontos fixos de vacina\u00e7\u00e3o e mais de 60 unidades de sa\u00fade, incluindo coruj\u00e3o com vacina\u00e7\u00e3o das 9h \u00e0s 21h, nos drive-thrus da Justi\u00e7a Federal e Estacionamento do Jaragu\u00e1, al\u00e9m do shopping P\u00e1tio.<\/p>\n\n\n\n<p>Na pr\u00f3xima semana, a partir de segunda-feira (12), a vacina\u00e7\u00e3o continua da seguinte forma:<\/p>\n\n\n\n<p>53 unidades de sa\u00fade funcionar\u00e3o das 8h \u00e0s 17h;<br>\u00c1reas internas dos shoppings Parque, P\u00e1tio e Macei\u00f3 \u2013 das 14h \u00e0s 20h;<br>Feirinha do Artesanato (Mercado da Produ\u00e7\u00e3o), Feirinha do Tabuleiro e Centro (pr\u00f3ximo \u00e0 Igreja do Livramento) \u2013 das 9h \u00e0s 16h<br>Vacina\u00e7\u00e3o neste fim de semana<\/p>\n\n\n\n<p>Neste s\u00e1bado (10), at\u00e9 as 16h, a popula\u00e7\u00e3o pode se dirigir ao Mercado da Produ\u00e7\u00e3o, no estacionamento da Feirinha de Artesanato; \u00e0 Feirinha do Tabuleiro, pr\u00f3ximo ao Cesta de Alimentos; e ao Centro da cidade, pr\u00f3ximo a Igreja do Livramento. No domingo (11), das 9h \u00e0s 16h, funcionam os pontos do Mercado da Produ\u00e7\u00e3o e da Feirinha do Tabuleiro.<\/p>\n\n\n\n<p>J\u00e1 os Shoppings P\u00e1tio (Benedito Bentes), Macei\u00f3 (Mangabeiras) e Parque (Cruz das Almas), o hor\u00e1rio \u00e9 das 14h \u00e0s 20h, nos dois dias. Para se vacinar, \u00e9 necess\u00e1rio levar cart\u00e3o de vacinas e documento com identifica\u00e7\u00e3o com foto.<\/p>\n","protected":false},"excerpt":{"rendered":"<p>Com informa\u00e7\u00f5es: Assessoria \/ Foto: Pei Fon &#8211; Secom Macei\u00f3 Durante o Dia D de vacina\u00e7\u00e3o contra a influenza, que<\/p>\n","protected":false},"author":1,"featured_media":9757,"comment_status":"open","ping_status":"open","sticky":false,"template":"","format":"standard","meta":{"colormag_page_container_layout":"default_layout","colormag_page_sidebar_layout":"default_layout","footnotes":""},"categories":[10],"tags":[82,37,110,735,52,397],"class_list":["post-9756","post","type-post","status-publish","format-standard","has-post-thumbnail","hentry","category-noticias","tag-covid-19","tag-maceio","tag-vacina","tag-vacina-covid","tag-vacinacao","tag-vacinacao-maceio"],"aioseo_notices":[],"_links":{"self":[{"href":"https:\/\/portalr3.online\/index.php\/wp-json\/wp\/v2\/posts\/9756","targetHints":{"allow":["GET"]}}],"collection":[{"href":"https:\/\/portalr3.online\/index.php\/wp-json\/wp\/v2\/posts"}],"about":[{"href":"https:\/\/portalr3.online\/index.php\/wp-json\/wp\/v2\/types\/post"}],"author":[{"embeddable":true,"href":"https:\/\/portalr3.online\/index.php\/wp-json\/wp\/v2\/users\/1"}],"replies":[{"embeddable":true,"href":"https:\/\/portalr3.online\/index.php\/wp-json\/wp\/v2\/comments?post=9756"}],"version-history":[{"count":0,"href":"https:\/\/portalr3.online\/index.php\/wp-json\/wp\/v2\/posts\/9756\/revisions"}],"wp:featuredmedia":[{"embeddable":true,"href":"https:\/\/portalr3.online\/index.php\/wp-json\/wp\/v2\/media\/9757"}],"wp:attachment":[{"href":"https:\/\/portalr3.online\/index.php\/wp-json\/wp\/v2\/media?parent=9756"}],"wp:term":[{"taxonomy":"category","embeddable":true,"href":"https:\/\/portalr3.online\/index.php\/wp-json\/wp\/v2\/categories?post=9756"},{"taxonomy":"post_tag","embeddable":true,"href":"https:\/\/portalr3.online\/index.php\/wp-json\/wp\/v2\/tags?post=9756"}],"curies":[{"name":"wp","href":"https:\/\/api.w.org\/{rel}","templated":true}]}}