{"id":9745,"date":"2021-07-10T11:01:08","date_gmt":"2021-07-10T14:01:08","guid":{"rendered":"https:\/\/portalnarede.com.br\/?p=9745"},"modified":"2021-07-10T11:01:08","modified_gmt":"2021-07-10T14:01:08","slug":"flamengo-rogerio-ceni-e-demitido-na-calada-da-madrugada","status":"publish","type":"post","link":"https:\/\/portalr3.online\/index.php\/2021\/07\/10\/flamengo-rogerio-ceni-e-demitido-na-calada-da-madrugada\/","title":{"rendered":"Flamengo: Rog\u00e9rio Ceni \u00e9 demitido na calada da madrugada"},"content":{"rendered":"\n<p>O Flamengo anunciou na madrugada deste s\u00e1bado (10) a demiss\u00e3o de Rog\u00e9rio Ceni do comando t\u00e9cnico da equipe profissional. A decis\u00e3o foi comunicada \u00e0s 02h46 pelo perfil oficial do clube no Twitter, ap\u00f3s um encontro entre o presidente Rodolfo Landim, o vice de futebol, Marcos Braz, e o diretor Bruno Spindel. O comunicado tamb\u00e9m informa que a equipe ser\u00e1 comandada pelo t\u00e9cnico Maur\u00edcio Souza, das categorias de base, no confronto de amanh\u00e3 contra a Chapecoense. <\/p>\n\n\n\n<p>Ceni deixa o clube na 12\u00aa coloca\u00e7\u00e3o do Campeonato Brasileiro, com 12 pontos ganhos em 8 jogos, e classificado para as oitavas de final da Libertadores da Am\u00e9rica. No comando do Flamengo desde novembro do ano passado, o t\u00e9cnico conquistou o Campeonato Brasileiro 2020, a Supercopa do Brasil 2021 e o Campeonato Carioca 2021. <\/p>\n\n\n\n<p>&#8220;O Clube de Regatas do Flamengo informa que n\u00e3o continuar\u00e1 com Rog\u00e9rio Ceni \u00e0 frente do time principal. O clube agradece pelos servi\u00e7os prestados e deseja sucesso nos pr\u00f3ximos desafios&#8221;, anunciou o Flamengo.<\/p>\n\n\n\n<p>A diretoria rubro-negra j\u00e1 vinha avaliando outros nomes antes mesmo da demiss\u00e3o de Rog\u00e9rio Ceni, mas n\u00e3o h\u00e1 consenso em torno de nenhum. T\u00e9cnico desempregado mais badalado na pra\u00e7a, Renato Ga\u00facho agrada a alguns, mas est\u00e1 muito longe de ser unanimidade. Em 2019, o profissional esteve pr\u00f3ximo de um acerto, mas optou por ficar no Gr\u00eamio, o que &#8220;queimou seu filme&#8221; com alguns rubro-negros. Fato \u00e9 que o clube n\u00e3o vivia um ambiente turbulento como este h\u00e1 tempos. Com poucas vit\u00f3rias em campo, as crises crescem fora dele e exp\u00f5em as divis\u00f5es existentes entre dirigentes e funcion\u00e1rios. <\/p>\n\n\n\n<p>Irregular no Brasileir\u00e3o e vendo a ta\u00e7a cada vez mais de longe, o Flamengo entra em campo amanh\u00e3 para encarar a Chapecoense, \u00e0s 18h15 (de Bras\u00edlia), no Maracan\u00e3. J\u00e1 na pr\u00f3xima quarta-feira (14), a equipe rubro-negra enfrenta o Defensa y Justicia (ARG), em jogo v\u00e1lido pelas oitavas de final da Libertadores. <\/p>\n\n\n\n<p style=\"font-size:21px\"><strong>Time demitiu analista ap\u00f3s cr\u00edticas a Ceni<\/strong><\/p>\n\n\n\n<p>Ontem (9), um \u00e1udio vazado do analista de mercado Roberto Drummond caiu como uma bomba no CT e resultou em sua demiss\u00e3o. Drummond chamou Ceni de &#8220;pessoa ruim&#8221; e detonou o agora ex-t\u00e9cnico rubro-negro. O conte\u00fado sacudiu o clube e revoltou conselheiros, diretores e outros vice-presidentes, que se incomodaram com tamanha exposi\u00e7\u00e3o. Em pleno ano eleitoral, o Fla tamb\u00e9m vive dias complicados em sua pol\u00edtica interna e Landim tenta fazer malabarismos para n\u00e3o perder a dire\u00e7\u00e3o.<\/p>\n\n\n\n<p>*via Uol Esportes<\/p>\n\n\n\n<p>Foto: \u00a0Pedro H. Tesch\/AGIF<\/p>\n","protected":false},"excerpt":{"rendered":"<p>O Flamengo anunciou na madrugada deste s\u00e1bado (10) a demiss\u00e3o de Rog\u00e9rio Ceni do comando t\u00e9cnico da equipe profissional. A<\/p>\n","protected":false},"author":1,"featured_media":9746,"comment_status":"open","ping_status":"open","sticky":false,"template":"","format":"standard","meta":{"colormag_page_container_layout":"default_layout","colormag_page_sidebar_layout":"default_layout","footnotes":""},"categories":[14],"tags":[],"class_list":["post-9745","post","type-post","status-publish","format-standard","has-post-thumbnail","hentry","category-esportes"],"aioseo_notices":[],"_links":{"self":[{"href":"https:\/\/portalr3.online\/index.php\/wp-json\/wp\/v2\/posts\/9745","targetHints":{"allow":["GET"]}}],"collection":[{"href":"https:\/\/portalr3.online\/index.php\/wp-json\/wp\/v2\/posts"}],"about":[{"href":"https:\/\/portalr3.online\/index.php\/wp-json\/wp\/v2\/types\/post"}],"author":[{"embeddable":true,"href":"https:\/\/portalr3.online\/index.php\/wp-json\/wp\/v2\/users\/1"}],"replies":[{"embeddable":true,"href":"https:\/\/portalr3.online\/index.php\/wp-json\/wp\/v2\/comments?post=9745"}],"version-history":[{"count":0,"href":"https:\/\/portalr3.online\/index.php\/wp-json\/wp\/v2\/posts\/9745\/revisions"}],"wp:featuredmedia":[{"embeddable":true,"href":"https:\/\/portalr3.online\/index.php\/wp-json\/wp\/v2\/media\/9746"}],"wp:attachment":[{"href":"https:\/\/portalr3.online\/index.php\/wp-json\/wp\/v2\/media?parent=9745"}],"wp:term":[{"taxonomy":"category","embeddable":true,"href":"https:\/\/portalr3.online\/index.php\/wp-json\/wp\/v2\/categories?post=9745"},{"taxonomy":"post_tag","embeddable":true,"href":"https:\/\/portalr3.online\/index.php\/wp-json\/wp\/v2\/tags?post=9745"}],"curies":[{"name":"wp","href":"https:\/\/api.w.org\/{rel}","templated":true}]}}