{"id":9738,"date":"2021-07-09T15:16:35","date_gmt":"2021-07-09T18:16:35","guid":{"rendered":"https:\/\/portalnarede.com.br\/?p=9738"},"modified":"2021-07-09T15:16:35","modified_gmt":"2021-07-09T18:16:35","slug":"domingo-de-lazer-na-ponta-verde-permanece-suspenso","status":"publish","type":"post","link":"https:\/\/portalr3.online\/index.php\/2021\/07\/09\/domingo-de-lazer-na-ponta-verde-permanece-suspenso\/","title":{"rendered":"Domingo de Lazer na Ponta Verde permanece suspenso"},"content":{"rendered":"\n<p><em>*Com informa\u00e7\u00f5es: assessoria<\/em><\/p>\n\n\n\n<p>No domingo (11), todas as atividades de lazer e recrea\u00e7\u00e3o da Avenida Silvio Viana, popularmente conhecida como Rua Fechada, na Ponta Verde, continuam suspensas. At\u00e9 o dia 22 de julho, a decis\u00e3o tomada pela Secretaria Municipal de Seguran\u00e7a Comunit\u00e1ria e Conv\u00edvio Social (Semscs), segue as recomenda\u00e7\u00f5es dos protocolos de sa\u00fade durante a pandemia, visando evitar aglomera\u00e7\u00f5es e cont\u00e1gios pela Covid-19.<\/p>\n\n\n\n<p>O secret\u00e1rio municipal da Semscs, Thiago Prado, explica que ser\u00e1 realizado um estudo de monitoramento da \u00e1rea para que se possa liberar as atividades recreativas que faziam parte do domingo de lazer do maceioense.<\/p>\n\n\n\n<p>\u201cVamos, neste primeiro momento, monitorar esse final de semana. Incrementamos a fiscaliza\u00e7\u00e3o e, estando tudo tranquilo e a Prefeitura concluindo que \u00e9 poss\u00edvel manter a seguran\u00e7a dos maceioenses, no pr\u00f3ximo domingo, a gente vai liberar\u201d, diz o secret\u00e1rio.<\/p>\n\n\n\n<p>Quando o movimento na Rua Fechada for regularizado, as atividades de lazer ser\u00e3o desenvolvidas em cerca de 800 metros da Rua Silvio Viana. O logradouro possui espa\u00e7os p\u00fablicos destinados \u00e0s pr\u00e1ticas desportivas. A popula\u00e7\u00e3o que utiliza a \u00e1rea vai poder realizar atividades f\u00edsicas como o skate, ciclismo e caminhada.<\/p>\n\n\n\n<p>J\u00e1 as crian\u00e7as, poder\u00e3o desfrutar de um espa\u00e7o para brincar e se divertir com seguran\u00e7a, mantendo o distanciamento social, o uso de m\u00e1scara e a higieniza\u00e7\u00e3o das m\u00e3os com \u00e1lcool a 70% at\u00e9 o controle total da pandemia.<\/p>\n","protected":false},"excerpt":{"rendered":"<p>*Com informa\u00e7\u00f5es: assessoria No domingo (11), todas as atividades de lazer e recrea\u00e7\u00e3o da Avenida Silvio Viana, popularmente conhecida como<\/p>\n","protected":false},"author":1,"featured_media":6563,"comment_status":"open","ping_status":"open","sticky":false,"template":"","format":"standard","meta":{"colormag_page_container_layout":"default_layout","colormag_page_sidebar_layout":"default_layout","footnotes":""},"categories":[10],"tags":[912,913,374],"class_list":["post-9738","post","type-post","status-publish","format-standard","has-post-thumbnail","hentry","category-noticias","tag-domingo-de-lazer","tag-ponta-verde","tag-rua-fechada"],"aioseo_notices":[],"_links":{"self":[{"href":"https:\/\/portalr3.online\/index.php\/wp-json\/wp\/v2\/posts\/9738","targetHints":{"allow":["GET"]}}],"collection":[{"href":"https:\/\/portalr3.online\/index.php\/wp-json\/wp\/v2\/posts"}],"about":[{"href":"https:\/\/portalr3.online\/index.php\/wp-json\/wp\/v2\/types\/post"}],"author":[{"embeddable":true,"href":"https:\/\/portalr3.online\/index.php\/wp-json\/wp\/v2\/users\/1"}],"replies":[{"embeddable":true,"href":"https:\/\/portalr3.online\/index.php\/wp-json\/wp\/v2\/comments?post=9738"}],"version-history":[{"count":0,"href":"https:\/\/portalr3.online\/index.php\/wp-json\/wp\/v2\/posts\/9738\/revisions"}],"wp:featuredmedia":[{"embeddable":true,"href":"https:\/\/portalr3.online\/index.php\/wp-json\/wp\/v2\/media\/6563"}],"wp:attachment":[{"href":"https:\/\/portalr3.online\/index.php\/wp-json\/wp\/v2\/media?parent=9738"}],"wp:term":[{"taxonomy":"category","embeddable":true,"href":"https:\/\/portalr3.online\/index.php\/wp-json\/wp\/v2\/categories?post=9738"},{"taxonomy":"post_tag","embeddable":true,"href":"https:\/\/portalr3.online\/index.php\/wp-json\/wp\/v2\/tags?post=9738"}],"curies":[{"name":"wp","href":"https:\/\/api.w.org\/{rel}","templated":true}]}}