{"id":9735,"date":"2021-07-09T14:52:48","date_gmt":"2021-07-09T17:52:48","guid":{"rendered":"https:\/\/portalnarede.com.br\/?p=9735"},"modified":"2021-07-09T14:52:48","modified_gmt":"2021-07-09T17:52:48","slug":"copa-america-2021-prefeitura-do-rio-de-janeiro-autoriza-final-com-10-da-capacidade-total-do-maracana","status":"publish","type":"post","link":"https:\/\/portalr3.online\/index.php\/2021\/07\/09\/copa-america-2021-prefeitura-do-rio-de-janeiro-autoriza-final-com-10-da-capacidade-total-do-maracana\/","title":{"rendered":"Copa Am\u00e9rica 2021: Prefeitura do Rio de Janeiro autoriza final com 10% da capacidade total do Maracan\u00e3"},"content":{"rendered":"\n<p><em>*Estagi\u00e1rio sob supervis\u00e3o <br>*Imagem: Ag\u00eancia Brasil<\/em><\/p>\n\n\n\n<p>A Prefeitura do Rio de Janeiro acatou ao pedido da Conmebol para que a final da Copa Am\u00e9rica entre Brasil e Argentina tenha p\u00fablico, na noite deste s\u00e1bado (10), no Maracan\u00e3. O n\u00famero de p\u00fablico ser\u00e1 restrito a apenas 10% da capacidade total do est\u00e1dio. <\/p>\n\n\n\n<p>Em nota, a prefeitura informou que a libera\u00e7\u00e3o de p\u00fablico ocorre em car\u00e1ter excepcional, onde apenas 10% de cada setor do Maraca pode ser ocupado. Com a capacidade de at\u00e9 78 mil pessoas, o Maracan\u00e3 foi palco da \u00faltima final da Copa Am\u00e9rica, entre Brasil e Peru, com 60 mil pessoas presentes. <\/p>\n\n\n\n<p>O p\u00fablico deve permanecer sentado e com uma dist\u00e2ncia m\u00ednima de dois metros entre cada pessoa ou fam\u00edlia. <\/p>\n\n\n\n<p>A Conmebol ser\u00e1 respons\u00e1vel por realizar os testes de Covid-19 em todos que entrarem no est\u00e1dio. Dentro de 48 horas, quem testar positivo n\u00e3o poder\u00e1 entrar.<\/p>\n\n\n\n<p>O Prefeito do Rio de Janeiro Eduardo Paes alertou para a diferen\u00e7a entre a libera\u00e7\u00e3o de p\u00fablico para esta final e a libera\u00e7\u00e3o dada em janeiro para a final da Libertadores, entre Palmeiras e Santos: &#8220;A gente teve a final da Copa Libertadores, liberamos para que tivesse 5 mil convidados. Eles concentraram todos em um s\u00f3 setor do Maracan\u00e3, o que foi um problema, a Prefeitura multou. A mudan\u00e7a \u00e9 essa: 10% de cada setor do est\u00e1dio, com um espa\u00e7amento grande entre as pessoas. S\u00e3o todos convidados da Conmebol e ser\u00e3o testados&#8221;, disse o prefeito. <\/p>\n\n\n\n<figure class=\"wp-block-image\"><img decoding=\"async\" src=\"https:\/\/www.otempo.com.br\/image\/contentid\/policy:1.2441453:1612036667\/WhatsApp%20Image%202021-01-30%20at%2022.48.22.jpeg?f=new-layout-article-photo-gallery-fit_930&amp;w=1200&amp;$p$f$w=d707e90\" alt=\"Maracan\u00e3 tem p\u00fablico aglomerado pra final entre Palmeiras e Santos; veja  imagens | SUPERFC\"\/><figcaption>Torcedores aglomerados assistem \u00e0 final da Libertadores entre Palmeiras e Santos\/ Ricardo Sapia<\/figcaption><\/figure>\n\n\n\n<p>Daniel Soranz, secret\u00e1rio municipal de sa\u00fade, revelou que o desejo da Conmebol era da libera\u00e7\u00e3o de metade da capacidade, e que a prefeitura n\u00e3o aceitou: &#8221;\u00a0pedido inicial da Copa Am\u00e9rica para a Prefeitura era realizar com 50% de p\u00fablico, e a gente n\u00e3o acha adequado. Liberamos 10% de cada setor do est\u00e1dio, para evitar aglomera\u00e7\u00e3o. Todas as pessoas ter\u00e3o o ambiente controlado por testagem e separada por dois metros para n\u00e3o ter aglomera\u00e7\u00e3o.&#8221;<\/p>\n","protected":false},"excerpt":{"rendered":"<p>*Estagi\u00e1rio sob supervis\u00e3o *Imagem: Ag\u00eancia Brasil A Prefeitura do Rio de Janeiro acatou ao pedido da Conmebol para que a<\/p>\n","protected":false},"author":1,"featured_media":9736,"comment_status":"open","ping_status":"open","sticky":false,"template":"","format":"standard","meta":{"colormag_page_container_layout":"default_layout","colormag_page_sidebar_layout":"default_layout","footnotes":""},"categories":[14],"tags":[907,908,909,910,911],"class_list":["post-9735","post","type-post","status-publish","format-standard","has-post-thumbnail","hentry","category-esportes","tag-brasil-e-argentina","tag-conmebol","tag-copa-america","tag-maracana","tag-prefeitura-do-rio-de-janeiro"],"aioseo_notices":[],"_links":{"self":[{"href":"https:\/\/portalr3.online\/index.php\/wp-json\/wp\/v2\/posts\/9735","targetHints":{"allow":["GET"]}}],"collection":[{"href":"https:\/\/portalr3.online\/index.php\/wp-json\/wp\/v2\/posts"}],"about":[{"href":"https:\/\/portalr3.online\/index.php\/wp-json\/wp\/v2\/types\/post"}],"author":[{"embeddable":true,"href":"https:\/\/portalr3.online\/index.php\/wp-json\/wp\/v2\/users\/1"}],"replies":[{"embeddable":true,"href":"https:\/\/portalr3.online\/index.php\/wp-json\/wp\/v2\/comments?post=9735"}],"version-history":[{"count":0,"href":"https:\/\/portalr3.online\/index.php\/wp-json\/wp\/v2\/posts\/9735\/revisions"}],"wp:featuredmedia":[{"embeddable":true,"href":"https:\/\/portalr3.online\/index.php\/wp-json\/wp\/v2\/media\/9736"}],"wp:attachment":[{"href":"https:\/\/portalr3.online\/index.php\/wp-json\/wp\/v2\/media?parent=9735"}],"wp:term":[{"taxonomy":"category","embeddable":true,"href":"https:\/\/portalr3.online\/index.php\/wp-json\/wp\/v2\/categories?post=9735"},{"taxonomy":"post_tag","embeddable":true,"href":"https:\/\/portalr3.online\/index.php\/wp-json\/wp\/v2\/tags?post=9735"}],"curies":[{"name":"wp","href":"https:\/\/api.w.org\/{rel}","templated":true}]}}