{"id":9725,"date":"2021-07-09T12:02:04","date_gmt":"2021-07-09T15:02:04","guid":{"rendered":"https:\/\/portalnarede.com.br\/?p=9725"},"modified":"2021-07-09T12:02:04","modified_gmt":"2021-07-09T15:02:04","slug":"espanha-prende-dois-menores-suspeitos-de-assassinar-jovem-gay","status":"publish","type":"post","link":"https:\/\/portalr3.online\/index.php\/2021\/07\/09\/espanha-prende-dois-menores-suspeitos-de-assassinar-jovem-gay\/","title":{"rendered":"Espanha prende dois menores suspeitos no assassinato de brasileiro gay; crime teria tido motiva\u00e7\u00e3o homof\u00f3bica"},"content":{"rendered":"\n<p><strong><em>Brasileito S<\/em><\/strong><em><strong>amuel Luiz, 24 anos, foi morto no \u00faltimo fim de semana<\/strong><\/em><\/p>\n\n\n\n<p><em>Imagem: Reprodu\u00e7\u00e3o<\/em><\/p>\n\n\n\n<p><em>Fonte: Ag\u00eancia Brasil<\/em><\/p>\n\n\n\n<p>&nbsp;A pol\u00edcia espanhola deteve, nesta sexta-feira (9), dois menores de idade por suposto assassinato de car\u00e1ter homof\u00f3bico de um jovem brasileiro.&nbsp;Ele&nbsp;foi espancado at\u00e9 a morte no \u00faltimo fim de semana. Com as deten\u00e7\u00f5es&nbsp;de hoje,&nbsp;o n\u00famero de pris\u00f5es relacionadas ao caso subiu para seis, informou a pol\u00edcia em sua p\u00e1gina no Twitter.<img decoding=\"async\" src=\"https:\/\/agenciabrasil.ebc.com.br\/ebc.png?id=1415085&amp;o=node\"><img decoding=\"async\" src=\"https:\/\/agenciabrasil.ebc.com.br\/ebc.gif?id=1415085&amp;o=node\"><\/p>\n\n\n\n<p>O assassinato de Samuel Luiz, de 24 anos e nascido no Brasil, do lado de fora de uma boate na cidade de La Coru\u00f1a, no \u00faltimo s\u00e1bado (3), gerou protestos em massa por todo o pa\u00eds.<\/p>\n\n\n\n<p>Outros suspeitos que foram presos no in\u00edcio desta semana compareceram ao tribunal hoje para prestar depoimento.<\/p>\n","protected":false},"excerpt":{"rendered":"<p>Brasileito Samuel Luiz, 24 anos, foi morto no \u00faltimo fim de semana Imagem: Reprodu\u00e7\u00e3o Fonte: Ag\u00eancia Brasil &nbsp;A pol\u00edcia espanhola<\/p>\n","protected":false},"author":1,"featured_media":9727,"comment_status":"open","ping_status":"open","sticky":false,"template":"","format":"standard","meta":{"colormag_page_container_layout":"default_layout","colormag_page_sidebar_layout":"default_layout","footnotes":""},"categories":[10],"tags":[101,658,905,637,425],"class_list":["post-9725","post","type-post","status-publish","format-standard","has-post-thumbnail","hentry","category-noticias","tag-assassinato","tag-brasileiro","tag-espanha","tag-homofobia","tag-jovem-morto"],"aioseo_notices":[],"_links":{"self":[{"href":"https:\/\/portalr3.online\/index.php\/wp-json\/wp\/v2\/posts\/9725","targetHints":{"allow":["GET"]}}],"collection":[{"href":"https:\/\/portalr3.online\/index.php\/wp-json\/wp\/v2\/posts"}],"about":[{"href":"https:\/\/portalr3.online\/index.php\/wp-json\/wp\/v2\/types\/post"}],"author":[{"embeddable":true,"href":"https:\/\/portalr3.online\/index.php\/wp-json\/wp\/v2\/users\/1"}],"replies":[{"embeddable":true,"href":"https:\/\/portalr3.online\/index.php\/wp-json\/wp\/v2\/comments?post=9725"}],"version-history":[{"count":0,"href":"https:\/\/portalr3.online\/index.php\/wp-json\/wp\/v2\/posts\/9725\/revisions"}],"wp:featuredmedia":[{"embeddable":true,"href":"https:\/\/portalr3.online\/index.php\/wp-json\/wp\/v2\/media\/9727"}],"wp:attachment":[{"href":"https:\/\/portalr3.online\/index.php\/wp-json\/wp\/v2\/media?parent=9725"}],"wp:term":[{"taxonomy":"category","embeddable":true,"href":"https:\/\/portalr3.online\/index.php\/wp-json\/wp\/v2\/categories?post=9725"},{"taxonomy":"post_tag","embeddable":true,"href":"https:\/\/portalr3.online\/index.php\/wp-json\/wp\/v2\/tags?post=9725"}],"curies":[{"name":"wp","href":"https:\/\/api.w.org\/{rel}","templated":true}]}}