{"id":9719,"date":"2021-07-09T10:49:30","date_gmt":"2021-07-09T13:49:30","guid":{"rendered":"https:\/\/portalnarede.com.br\/?p=9719"},"modified":"2021-07-09T10:49:30","modified_gmt":"2021-07-09T13:49:30","slug":"joaquim-gomes-jovens-que-teriam-matado-homem-apos-desentendimento-em-um-bar-sao-presos","status":"publish","type":"post","link":"https:\/\/portalr3.online\/index.php\/2021\/07\/09\/joaquim-gomes-jovens-que-teriam-matado-homem-apos-desentendimento-em-um-bar-sao-presos\/","title":{"rendered":"Joaquim Gomes: Jovens que teriam matado homem ap\u00f3s desentendimento em um bar s\u00e3o presos"},"content":{"rendered":"\n<p><em>Imagem: PC<\/em><\/p>\n\n\n\n<p><em>*Estagi\u00e1rio sob supervis\u00e3o<\/em><\/p>\n\n\n\n<p>A Pol\u00edcia Civil de Alagoas prendeu, nessa quarta-feira (07), dois jovens pelo crime de assassinato. Os indiv\u00edduos teriam matado Jos\u00e9 Vicente Ara\u00fajo da Silva ap\u00f3s um desentendimento em um bar. O crime se deu no munic\u00edpio de Joaquim Gomes.<\/p>\n\n\n\n<p>Os jovens confessaram a autoria do crime. Al\u00e9m disto, eles relataram detalhes do assassinato e da oculta\u00e7\u00e3o do cad\u00e1ver.<\/p>\n\n\n\n<p>Segundo os agentes da Delegacia Distrital de Joaquim Gomes, os indiv\u00edduos informaram que, ap\u00f3s uma discuss\u00e3o em um bar, planejaram e tiraram a vida de Jos\u00e9 Vicente. Este ainda teve os pertences roubados pelos jovens.<\/p>\n\n\n\n<p>Encaminhados ao Centro Integrado de Seguran\u00e7a P\u00fablica (CISP), os jovens responder\u00e3o por homic\u00eddio e oculta\u00e7\u00e3o de cad\u00e1ver.<\/p>\n","protected":false},"excerpt":{"rendered":"<p>Imagem: PC *Estagi\u00e1rio sob supervis\u00e3o A Pol\u00edcia Civil de Alagoas prendeu, nessa quarta-feira (07), dois jovens pelo crime de assassinato.<\/p>\n","protected":false},"author":1,"featured_media":9721,"comment_status":"open","ping_status":"open","sticky":false,"template":"","format":"standard","meta":{"colormag_page_container_layout":"default_layout","colormag_page_sidebar_layout":"default_layout","footnotes":""},"categories":[22],"tags":[47,101,507,903,330],"class_list":["post-9719","post","type-post","status-publish","format-standard","has-post-thumbnail","hentry","category-cidades","tag-alagoas","tag-assassinato","tag-homicidio","tag-joaquim-gomes","tag-policia-civil"],"aioseo_notices":[],"_links":{"self":[{"href":"https:\/\/portalr3.online\/index.php\/wp-json\/wp\/v2\/posts\/9719","targetHints":{"allow":["GET"]}}],"collection":[{"href":"https:\/\/portalr3.online\/index.php\/wp-json\/wp\/v2\/posts"}],"about":[{"href":"https:\/\/portalr3.online\/index.php\/wp-json\/wp\/v2\/types\/post"}],"author":[{"embeddable":true,"href":"https:\/\/portalr3.online\/index.php\/wp-json\/wp\/v2\/users\/1"}],"replies":[{"embeddable":true,"href":"https:\/\/portalr3.online\/index.php\/wp-json\/wp\/v2\/comments?post=9719"}],"version-history":[{"count":0,"href":"https:\/\/portalr3.online\/index.php\/wp-json\/wp\/v2\/posts\/9719\/revisions"}],"wp:featuredmedia":[{"embeddable":true,"href":"https:\/\/portalr3.online\/index.php\/wp-json\/wp\/v2\/media\/9721"}],"wp:attachment":[{"href":"https:\/\/portalr3.online\/index.php\/wp-json\/wp\/v2\/media?parent=9719"}],"wp:term":[{"taxonomy":"category","embeddable":true,"href":"https:\/\/portalr3.online\/index.php\/wp-json\/wp\/v2\/categories?post=9719"},{"taxonomy":"post_tag","embeddable":true,"href":"https:\/\/portalr3.online\/index.php\/wp-json\/wp\/v2\/tags?post=9719"}],"curies":[{"name":"wp","href":"https:\/\/api.w.org\/{rel}","templated":true}]}}