{"id":9716,"date":"2021-07-09T10:18:51","date_gmt":"2021-07-09T13:18:51","guid":{"rendered":"https:\/\/portalnarede.com.br\/?p=9716"},"modified":"2021-07-09T10:18:51","modified_gmt":"2021-07-09T13:18:51","slug":"rio-largo-prf-prende-motorista-em-carro-alugado-que-deveria-ser-entregue-em-2020","status":"publish","type":"post","link":"https:\/\/portalr3.online\/index.php\/2021\/07\/09\/rio-largo-prf-prende-motorista-em-carro-alugado-que-deveria-ser-entregue-em-2020\/","title":{"rendered":"Rio Largo: PRF prende motorista em carro alugado que deveria ser entregue em 2020"},"content":{"rendered":"\n<p><em>Imagem: PRF<\/em><\/p>\n\n\n\n<p><em>*Estagi\u00e1rio sob supervis\u00e3o<\/em><\/p>\n\n\n\n<p>A Pol\u00edcia Rodovi\u00e1ria Federal (PRF) prendeu, nessa quinta-feira (08), um homem por apropria\u00e7\u00e3o ind\u00e9bita, em Alagoas. Na ocorr\u00eancia, um ve\u00edculo alugado em julho de 2020 n\u00e3o foi devolvido. A pris\u00e3o foi realizada no KM 77 da BR-101, no munic\u00edpio de Rio Largo.<\/p>\n\n\n\n<p>O condutor, ao ser questionado sobre a ocorr\u00eancia, informou que o carro, um Volkswagen Polo, pertencia a uma empresa de seguran\u00e7a. O indiv\u00edduo foi preso e encaminhado \u00e0 Central de Flagrantes de Macei\u00f3.<\/p>\n\n\n\n<p>Segundo a PRF, o ve\u00edculo havia sido alugado no dia 7 de julho de 2020, com previs\u00e3o de ser entregue no dia 6 de agosto, o que n\u00e3o aconteceu. O carro pertence a uma locadora de Recife, Pernambuco.<\/p>\n\n\n\n<p>Diante dos fatos, o motorista responder\u00e1 pelo crime de apropria\u00e7\u00e3o ind\u00e9bita.<\/p>\n","protected":false},"excerpt":{"rendered":"<p>Imagem: PRF *Estagi\u00e1rio sob supervis\u00e3o A Pol\u00edcia Rodovi\u00e1ria Federal (PRF) prendeu, nessa quinta-feira (08), um homem por apropria\u00e7\u00e3o ind\u00e9bita, em<\/p>\n","protected":false},"author":1,"featured_media":9717,"comment_status":"open","ping_status":"open","sticky":false,"template":"","format":"standard","meta":{"colormag_page_container_layout":"default_layout","colormag_page_sidebar_layout":"default_layout","footnotes":""},"categories":[22],"tags":[901,902,162,44],"class_list":["post-9716","post","type-post","status-publish","format-standard","has-post-thumbnail","hentry","category-cidades","tag-apropriacao-indebita","tag-carro-alugado","tag-prf","tag-rio-largo"],"aioseo_notices":[],"_links":{"self":[{"href":"https:\/\/portalr3.online\/index.php\/wp-json\/wp\/v2\/posts\/9716","targetHints":{"allow":["GET"]}}],"collection":[{"href":"https:\/\/portalr3.online\/index.php\/wp-json\/wp\/v2\/posts"}],"about":[{"href":"https:\/\/portalr3.online\/index.php\/wp-json\/wp\/v2\/types\/post"}],"author":[{"embeddable":true,"href":"https:\/\/portalr3.online\/index.php\/wp-json\/wp\/v2\/users\/1"}],"replies":[{"embeddable":true,"href":"https:\/\/portalr3.online\/index.php\/wp-json\/wp\/v2\/comments?post=9716"}],"version-history":[{"count":0,"href":"https:\/\/portalr3.online\/index.php\/wp-json\/wp\/v2\/posts\/9716\/revisions"}],"wp:featuredmedia":[{"embeddable":true,"href":"https:\/\/portalr3.online\/index.php\/wp-json\/wp\/v2\/media\/9717"}],"wp:attachment":[{"href":"https:\/\/portalr3.online\/index.php\/wp-json\/wp\/v2\/media?parent=9716"}],"wp:term":[{"taxonomy":"category","embeddable":true,"href":"https:\/\/portalr3.online\/index.php\/wp-json\/wp\/v2\/categories?post=9716"},{"taxonomy":"post_tag","embeddable":true,"href":"https:\/\/portalr3.online\/index.php\/wp-json\/wp\/v2\/tags?post=9716"}],"curies":[{"name":"wp","href":"https:\/\/api.w.org\/{rel}","templated":true}]}}