{"id":9702,"date":"2021-07-08T16:55:42","date_gmt":"2021-07-08T19:55:42","guid":{"rendered":"https:\/\/portalnarede.com.br\/?p=9702"},"modified":"2021-07-08T16:55:42","modified_gmt":"2021-07-08T19:55:42","slug":"crb-atacante-junior-brandao-e-o-novo-reforco-do-galo","status":"publish","type":"post","link":"https:\/\/portalr3.online\/index.php\/2021\/07\/08\/crb-atacante-junior-brandao-e-o-novo-reforco-do-galo\/","title":{"rendered":"CRB: Atacante Junior Brand\u00e3o \u00e9 o novo refor\u00e7o do Galo"},"content":{"rendered":"\n<p>O Clube de Regatas Brasil anunciou na tarde desta quinta-feira (08), a contrata\u00e7\u00e3o de mais um refor\u00e7o para a disputa da S\u00e9rie B do Campeonato Brasileiro de Futebol. O centro-avante Junior Brand\u00e3o de 26 anos foi artilheiro da S\u00e9rie B, em 2018, quando foi negociado com o Ludogoretes, da Bulg\u00e1ria, clube detentor dos direitos do atleta, que agora veste o manto do CRB.<\/p>\n\n\n\n<p>J\u00fanior chega para substituir Hyuri, que fez sua \u00faltima partida com a camisa do Galo na vit\u00f3ria sobre o Botafogo, e se transferiu para o futebol dos Emirados \u00c1rabes.<\/p>\n\n\n\n<p>Brand\u00e3o, de 26 anos, chegou a ser o artilheiro da S\u00e9rie B, com nove gols, por algumas rodadas em 2018, defendendo o Atl\u00e9tico-GO.<\/p>\n\n\n\n<p>Em 2020, ele tamb\u00e9m estava no Drag\u00e3o antes de sair para o Rio Ave, de Portugal. Por l\u00e1, disputou 13 jogos, mas n\u00e3o balan\u00e7ou a rede.<\/p>\n\n\n\n<p>O atleta foi formado no Gr\u00eamio Osasco e passou por Osasco e Tabo\u00e3o da Serra antes de chegar ao futebol profissional. Al\u00e9m disso, ele defendeu ainda Ypiranga, Boa Esporte, Ferrovi\u00e1ria, Novo Hamburgo e Goi\u00e1s. Fora do Brasil, atuou tamb\u00e9m no Ludogoretz Razgrad-BUL e Persep\u00f3lis FC-IR\u00c3.<\/p>\n\n\n\n<p><strong>Ficha t\u00e9cnica:<\/strong><\/p>\n\n\n\n<p><strong>Nome:<\/strong>&nbsp;Jos\u00e9 Brand\u00e3o Gon\u00e7alves J\u00fanior<\/p>\n\n\n\n<p><strong>Posi\u00e7\u00e3o:<\/strong>&nbsp;atacante;<\/p>\n\n\n\n<p><strong>Idade:<\/strong>&nbsp;26 anos (07\/01\/1995);<\/p>\n\n\n\n<p><strong>Altura:<\/strong>&nbsp;187cm<\/p>\n\n\n\n<p><strong>Peso:<\/strong>&nbsp;83 kg<\/p>\n\n\n\n<p><strong>Naturalidade:<\/strong>&nbsp;Ibi\u00fana (SP);<\/p>\n\n\n\n<p><strong>\u00daltimos clubes:<\/strong>&nbsp;Rio Ave-POR, Atl\u00e9tico-GO, Persep\u00f3lis-IR\u00c3, Goi\u00e1s, Ludogoretz Razgrad-BUL.<\/p>\n","protected":false},"excerpt":{"rendered":"<p>O Clube de Regatas Brasil anunciou na tarde desta quinta-feira (08), a contrata\u00e7\u00e3o de mais um refor\u00e7o para a disputa<\/p>\n","protected":false},"author":1,"featured_media":9703,"comment_status":"open","ping_status":"open","sticky":false,"template":"","format":"standard","meta":{"colormag_page_container_layout":"default_layout","colormag_page_sidebar_layout":"default_layout","footnotes":""},"categories":[14],"tags":[],"class_list":["post-9702","post","type-post","status-publish","format-standard","has-post-thumbnail","hentry","category-esportes"],"aioseo_notices":[],"_links":{"self":[{"href":"https:\/\/portalr3.online\/index.php\/wp-json\/wp\/v2\/posts\/9702","targetHints":{"allow":["GET"]}}],"collection":[{"href":"https:\/\/portalr3.online\/index.php\/wp-json\/wp\/v2\/posts"}],"about":[{"href":"https:\/\/portalr3.online\/index.php\/wp-json\/wp\/v2\/types\/post"}],"author":[{"embeddable":true,"href":"https:\/\/portalr3.online\/index.php\/wp-json\/wp\/v2\/users\/1"}],"replies":[{"embeddable":true,"href":"https:\/\/portalr3.online\/index.php\/wp-json\/wp\/v2\/comments?post=9702"}],"version-history":[{"count":0,"href":"https:\/\/portalr3.online\/index.php\/wp-json\/wp\/v2\/posts\/9702\/revisions"}],"wp:featuredmedia":[{"embeddable":true,"href":"https:\/\/portalr3.online\/index.php\/wp-json\/wp\/v2\/media\/9703"}],"wp:attachment":[{"href":"https:\/\/portalr3.online\/index.php\/wp-json\/wp\/v2\/media?parent=9702"}],"wp:term":[{"taxonomy":"category","embeddable":true,"href":"https:\/\/portalr3.online\/index.php\/wp-json\/wp\/v2\/categories?post=9702"},{"taxonomy":"post_tag","embeddable":true,"href":"https:\/\/portalr3.online\/index.php\/wp-json\/wp\/v2\/tags?post=9702"}],"curies":[{"name":"wp","href":"https:\/\/api.w.org\/{rel}","templated":true}]}}