{"id":9692,"date":"2021-07-08T14:49:44","date_gmt":"2021-07-08T17:49:44","guid":{"rendered":"https:\/\/portalnarede.com.br\/?p=9692"},"modified":"2021-07-08T14:49:44","modified_gmt":"2021-07-08T17:49:44","slug":"protesto-de-moradores-dos-bairros-afetados-pela-mineracao-chega-a-4-horas-de-duracao-na-avenida-fernandes-lima","status":"publish","type":"post","link":"https:\/\/portalr3.online\/index.php\/2021\/07\/08\/protesto-de-moradores-dos-bairros-afetados-pela-mineracao-chega-a-4-horas-de-duracao-na-avenida-fernandes-lima\/","title":{"rendered":"Protesto de moradores dos bairros afetados pela minera\u00e7\u00e3o chega a 4 horas de dura\u00e7\u00e3o na Avenida Fernandes Lima"},"content":{"rendered":"\n<p><em>*Estagi\u00e1rio sob supervis\u00e3o<br>*Imagem: Thiago Sampaio<\/em><\/p>\n\n\n\n<p>Mais de 4 horas de protesto marcam esta quinta-feira (8) na capital alagoana. Um grupo de moradores de bairros afetados pela explora\u00e7\u00e3o de min\u00e9rios bloqueou a Avenida Fernandes Lima, e desde \u00e0s 8 horas da manh\u00e3 a manifesta\u00e7\u00e3o ocorre. <\/p>\n\n\n\n<p>A reivindica\u00e7\u00e3o dos moradores \u00e9 para que haja uma negocia\u00e7\u00e3o direta entre eles e a Braskem, sem interfer\u00eancia de outros \u00f3rg\u00e3os, pois segundo Alexandre Sampaio, presidente da associa\u00e7\u00e3o, os mesmos n\u00e3o estariam colaborando com os acordos.<\/p>\n\n\n\n<p>&#8220;Os intermedi\u00e1rios n\u00e3o nos ajudaram at\u00e9 o momento. O pedido \u00e9 que a gente consiga negociar. Os \u00f3rg\u00e3os aceitaram isso na frente do Gerenciamento de Crises da PM, mas n\u00f3s querermos algo formal, algum documento. A partir de agora, se eles aceitarem, n\u00f3s, lideran\u00e7as dos bairros afetados, vamos negociar direto com a Braskem. \u00c9 um problema din\u00e2mico, muito grave, muito complexo e as pessoas em seus gabinetes, com seus altos sal\u00e1rios, n\u00e3o est\u00e3o conseguindo dar conta da necessidade dos empres\u00e1rios, dos trabalhadores e dos moradores. Enquanto o Minist\u00e9rio P\u00fablico Estadual e a Defensoria n\u00e3o responderem formalmente, infelizmente, a cidade vai continuar parada&#8221;, disse Alexandre.<\/p>\n\n\n\n<p>O Minist\u00e9rio P\u00fablico do Estado de Alagoas recebeu na manh\u00e3 de hoje (quinta-feira- 08), uma comiss\u00e3o de integrantes do Movimento Unificado de V\u00edtimas da Braskem (MUVB), onde ficou deliberado que o MPAL ir\u00e1 se reunir com as demais institui\u00e7\u00f5es que comp\u00f5em a For\u00e7a-Tarefa para discutir os pleitos formulados por aquela entidade e apresentar uma resposta at\u00e9 o pr\u00f3ximo dia 16.<\/p>\n\n\n\n<p>A principal reivindica\u00e7\u00e3o dos manifestantes \u00e9 sobre a abertura de um procedimento para media\u00e7\u00e3o e auto composi\u00e7\u00e3o, por parte dos Minist\u00e9rios P\u00fablicos Estadual e Federal e das Defensorias P\u00fablicas Estadual e da Uni\u00e3o, para que o MUVB possa participar de novas tratativas do acordo com a mineradora Braskem.<\/p>\n\n\n\n<figure class=\"wp-block-image size-large\"><img loading=\"lazy\" decoding=\"async\" width=\"1024\" height=\"768\" src=\"https:\/\/portalnarede.com.br\/wp-content\/uploads\/2021\/07\/31eaf4e9-cb66-451f-83e1-948f8d8ea2dd-1024x768.jpg\" alt=\"\" class=\"wp-image-9693\" srcset=\"https:\/\/portalr3.online\/wp-content\/uploads\/2021\/07\/31eaf4e9-cb66-451f-83e1-948f8d8ea2dd-1024x768.jpg 1024w, https:\/\/portalr3.online\/wp-content\/uploads\/2021\/07\/31eaf4e9-cb66-451f-83e1-948f8d8ea2dd-300x225.jpg 300w, https:\/\/portalr3.online\/wp-content\/uploads\/2021\/07\/31eaf4e9-cb66-451f-83e1-948f8d8ea2dd-768x576.jpg 768w, https:\/\/portalr3.online\/wp-content\/uploads\/2021\/07\/31eaf4e9-cb66-451f-83e1-948f8d8ea2dd-136x102.jpg 136w, https:\/\/portalr3.online\/wp-content\/uploads\/2021\/07\/31eaf4e9-cb66-451f-83e1-948f8d8ea2dd.jpg 1156w\" sizes=\"auto, (max-width: 1024px) 100vw, 1024px\" \/><\/figure>\n\n\n\n<p>Como o encontro ocorreu apenas com promotores de Justi\u00e7a do MPAL, no pr\u00e9dio do Centro de Apoio Operacional \u00e0s Promotorias de Justi\u00e7a (CAOP), foi assumido o compromisso de que os membros do \u00f3rg\u00e3o ministerial se reunir\u00e3o com as demais institui\u00e7\u00f5es para discutir a possibilidade de instaura\u00e7\u00e3o desse procedimento, cuja resposta ser\u00e1 apresentada, conjunta e formalmente, ao Movimento na sexta-feira dia 16 de julho do corrente.<\/p>\n\n\n\n<p>Durante a conversa, o Minist\u00e9rio P\u00fablico do Estado de Alagoas disse aos moradores dos bairros afetados pela explora\u00e7\u00e3o da sal-gema que entende o sofrimento pelo qual eles passam e reafirmou o seu compromisso na busca por justi\u00e7a em favor daquelas comunidades afetadas, juntamente com as demais institui\u00e7\u00f5es que foram signat\u00e1rias do acordo.<\/p>\n","protected":false},"excerpt":{"rendered":"<p>*Estagi\u00e1rio sob supervis\u00e3o*Imagem: Thiago Sampaio Mais de 4 horas de protesto marcam esta quinta-feira (8) na capital alagoana. Um grupo<\/p>\n","protected":false},"author":1,"featured_media":9694,"comment_status":"open","ping_status":"open","sticky":false,"template":"","format":"standard","meta":{"colormag_page_container_layout":"default_layout","colormag_page_sidebar_layout":"default_layout","footnotes":""},"categories":[10],"tags":[174,106],"class_list":["post-9692","post","type-post","status-publish","format-standard","has-post-thumbnail","hentry","category-noticias","tag-braskem","tag-pinheiro"],"aioseo_notices":[],"_links":{"self":[{"href":"https:\/\/portalr3.online\/index.php\/wp-json\/wp\/v2\/posts\/9692","targetHints":{"allow":["GET"]}}],"collection":[{"href":"https:\/\/portalr3.online\/index.php\/wp-json\/wp\/v2\/posts"}],"about":[{"href":"https:\/\/portalr3.online\/index.php\/wp-json\/wp\/v2\/types\/post"}],"author":[{"embeddable":true,"href":"https:\/\/portalr3.online\/index.php\/wp-json\/wp\/v2\/users\/1"}],"replies":[{"embeddable":true,"href":"https:\/\/portalr3.online\/index.php\/wp-json\/wp\/v2\/comments?post=9692"}],"version-history":[{"count":0,"href":"https:\/\/portalr3.online\/index.php\/wp-json\/wp\/v2\/posts\/9692\/revisions"}],"wp:featuredmedia":[{"embeddable":true,"href":"https:\/\/portalr3.online\/index.php\/wp-json\/wp\/v2\/media\/9694"}],"wp:attachment":[{"href":"https:\/\/portalr3.online\/index.php\/wp-json\/wp\/v2\/media?parent=9692"}],"wp:term":[{"taxonomy":"category","embeddable":true,"href":"https:\/\/portalr3.online\/index.php\/wp-json\/wp\/v2\/categories?post=9692"},{"taxonomy":"post_tag","embeddable":true,"href":"https:\/\/portalr3.online\/index.php\/wp-json\/wp\/v2\/tags?post=9692"}],"curies":[{"name":"wp","href":"https:\/\/api.w.org\/{rel}","templated":true}]}}