{"id":9684,"date":"2021-07-08T13:30:49","date_gmt":"2021-07-08T16:30:49","guid":{"rendered":"https:\/\/portalnarede.com.br\/?p=9684"},"modified":"2021-07-08T13:30:49","modified_gmt":"2021-07-08T16:30:49","slug":"homem-suspeito-de-matar-idosa-na-porta-de-casa-com-tiro-na-cabeca-e-preso-crime-ocorreu-em-2018","status":"publish","type":"post","link":"https:\/\/portalr3.online\/index.php\/2021\/07\/08\/homem-suspeito-de-matar-idosa-na-porta-de-casa-com-tiro-na-cabeca-e-preso-crime-ocorreu-em-2018\/","title":{"rendered":"Homem suspeito de matar idosa na porta de casa com tiro na cabe\u00e7a \u00e9 preso; crime ocorreu em 2018"},"content":{"rendered":"\n<p><em>A pris\u00e3o foi realizada em cumprimento ao mandado de pris\u00e3o expedido pela 8\u00aa Vara Criminal\u00a0 da Capital.<\/em><\/p>\n\n\n\n<p>*Com informa\u00e7\u00f5es e foto: Assessoria PC\/AL<\/p>\n\n\n\n<p>Um homem suspeito de ter praticado um homic\u00eddio contra uma idosa foi preso nesta quinta-feira (08). O crime ocorreu em 15 de julho de 2018, no bairro do Santos Dumont, em Macei\u00f3.  A v\u00edtima foi surpreendida na porta de casa e atingida por um disparo de arma de fogo na cabe\u00e7a.<\/p>\n\n\n\n<p>A pris\u00e3o do suspeito de 28 anos foi comandada pela delegada Tacyane Ribeiro da Delegacia de Homic\u00eddios e Prote\u00e7\u00e3o \u00e0 Pessoa (DHPP), por meio da equipe da 3\u00aa DHC. Segundo as informa\u00e7\u00f5es policiais, Edileusa de Souza Silva, 68 anos, estava na porta de casa separando feij\u00e3o, quando o suspeito efetuou disparo de arma de fogo na cabe\u00e7a da v\u00edtima. <\/p>\n\n\n\n<p>De acordo com a investiga\u00e7\u00e3o, o laudo cadav\u00e9rico indicou que o disparo foi encostado na cabe\u00e7a da v\u00edtima, sem nenhuma chance de defesa.<\/p>\n\n\n\n<p>A pris\u00e3o foi realizada em cumprimento ao mandado de pris\u00e3o expedido pela 8\u00aa Vara Criminal da Capital.<\/p>\n","protected":false},"excerpt":{"rendered":"<p>A pris\u00e3o foi realizada em cumprimento ao mandado de pris\u00e3o expedido pela 8\u00aa Vara Criminal\u00a0 da Capital. *Com informa\u00e7\u00f5es e<\/p>\n","protected":false},"author":1,"featured_media":9685,"comment_status":"open","ping_status":"open","sticky":false,"template":"","format":"standard","meta":{"colormag_page_container_layout":"default_layout","colormag_page_sidebar_layout":"default_layout","footnotes":""},"categories":[10],"tags":[889,507,331,91,890,222],"class_list":["post-9684","post","type-post","status-publish","format-standard","has-post-thumbnail","hentry","category-noticias","tag-delegacia-de-homicidio","tag-homicidio","tag-prisao","tag-suspeito","tag-tiros","tag-vitima"],"aioseo_notices":[],"_links":{"self":[{"href":"https:\/\/portalr3.online\/index.php\/wp-json\/wp\/v2\/posts\/9684","targetHints":{"allow":["GET"]}}],"collection":[{"href":"https:\/\/portalr3.online\/index.php\/wp-json\/wp\/v2\/posts"}],"about":[{"href":"https:\/\/portalr3.online\/index.php\/wp-json\/wp\/v2\/types\/post"}],"author":[{"embeddable":true,"href":"https:\/\/portalr3.online\/index.php\/wp-json\/wp\/v2\/users\/1"}],"replies":[{"embeddable":true,"href":"https:\/\/portalr3.online\/index.php\/wp-json\/wp\/v2\/comments?post=9684"}],"version-history":[{"count":0,"href":"https:\/\/portalr3.online\/index.php\/wp-json\/wp\/v2\/posts\/9684\/revisions"}],"wp:featuredmedia":[{"embeddable":true,"href":"https:\/\/portalr3.online\/index.php\/wp-json\/wp\/v2\/media\/9685"}],"wp:attachment":[{"href":"https:\/\/portalr3.online\/index.php\/wp-json\/wp\/v2\/media?parent=9684"}],"wp:term":[{"taxonomy":"category","embeddable":true,"href":"https:\/\/portalr3.online\/index.php\/wp-json\/wp\/v2\/categories?post=9684"},{"taxonomy":"post_tag","embeddable":true,"href":"https:\/\/portalr3.online\/index.php\/wp-json\/wp\/v2\/tags?post=9684"}],"curies":[{"name":"wp","href":"https:\/\/api.w.org\/{rel}","templated":true}]}}