{"id":9669,"date":"2021-07-08T11:10:29","date_gmt":"2021-07-08T14:10:29","guid":{"rendered":"https:\/\/portalnarede.com.br\/?p=9669"},"modified":"2021-07-08T11:10:29","modified_gmt":"2021-07-08T14:10:29","slug":"em-protesto-pelos-acordos-de-indenizacoes-moradores-dos-bairros-afetados-pela-braskem-bloqueiam-a-av-fernandes-lima","status":"publish","type":"post","link":"https:\/\/portalr3.online\/index.php\/2021\/07\/08\/em-protesto-pelos-acordos-de-indenizacoes-moradores-dos-bairros-afetados-pela-braskem-bloqueiam-a-av-fernandes-lima\/","title":{"rendered":"Em protesto por indeniza\u00e7\u00f5es, moradores dos bairros afetados pela Braskem bloqueiam a Av. Fernandes Lima"},"content":{"rendered":"\n<p><em>Manifesta\u00e7\u00e3o teve in\u00edcio \u00e0s 08h e seguir\u00e1 at\u00e9 \u00e0s 14h; programa\u00e7\u00e3o contar\u00e1 com apresenta\u00e7\u00f5es musicais de artistas alagoanos<\/em><\/p>\n\n\n\n<p>*Imagem: Reprodu\u00e7\u00e3o redes sociais<\/p>\n\n\n\n<p>Protestando contra o atraso no pagamento das indeniza\u00e7\u00f5es feitas pela empresa Braskem, moradores dos bairros afetados pela instabilidade de solo causada pela minera\u00e7\u00e3o, interditaram totalmente a Avenida Fernandes Lima, no bairro do Farol, na manh\u00e3 desta quinta-feira (08). <\/p>\n\n\n\n<p>Os moradores relatam problemas nas propostas de indeniza\u00e7\u00e3o, como a aceita\u00e7\u00e3o, por parte da Braskem, apenas de avalia\u00e7\u00f5es de empresas ligadas a ela. Os manifestantes acreditam que est\u00e3o sendo lesados e apontam tamb\u00e9m o atraso nos repasses.<\/p>\n\n\n\n<p>Com faixas e cartazes, os manifestantes bloquearam os dois sentidos da avenida com concentra\u00e7\u00e3o do protesto em frente a um dos pr\u00e9dios do Minist\u00e9rio P\u00fablico Estadual.\u00a0<\/p>\n\n\n\n<p>Dentro da programa\u00e7\u00e3o da mobiliza\u00e7\u00e3o esta a realiza\u00e7\u00e3o de apresenta\u00e7\u00f5es musicais de artistas alagoanos a partir das 14h.  <\/p>\n\n\n\n<p><strong>Veja nota da Braskem<\/strong><\/p>\n\n\n\n<p><em>A Braskem apresentou resposta formal \u00e0 manifesta\u00e7\u00e3o do MUVB no prazo solicitado, por meio de of\u00edcio que tamb\u00e9m foi endere\u00e7ado ao Minist\u00e9rio P\u00fablico Federal e ao Minist\u00e9rio P\u00fablico Estadual.<\/em><\/p>\n\n\n\n<p><em>O cumprimento do Termo de Acordo \u00e9 monitorado de perto pelas autoridades signat\u00e1rias e o Programa de Compensa\u00e7\u00e3o Financeira e Apoio \u00e0 Realoca\u00e7\u00e3o vem sendo constantemente aperfei\u00e7oado, a partir do processo de escuta \u00e0 popula\u00e7\u00e3o. Nesta evolu\u00e7\u00e3o, dois aditivos e 24 resolu\u00e7\u00f5es foram firmados entre as partes, para regulamentar e aprimorar aspectos espec\u00edficos do programa.<\/em><\/p>\n\n\n\n<p><em>Como resultado dessa escuta ativa \u00e0 comunidade e do aprimoramento constante, o programa registra hoje 7.519 propostas de indeniza\u00e7\u00e3o apresentadas e apenas 26 recusadas. A m\u00e9dia de apresenta\u00e7\u00e3o de propostas \u00e9 de 630 por m\u00eas.<\/em><\/p>\n\n\n\n<p><em>A empresa respeita o direito de manifesta\u00e7\u00e3o pac\u00edfica e reitera seu compromisso com a seguran\u00e7a dos moradores dos bairros afetados pelo fen\u00f4meno geol\u00f3gico, propondo e executando as a\u00e7\u00f5es necess\u00e1rias para isso.<\/em><\/p>\n","protected":false},"excerpt":{"rendered":"<p>Manifesta\u00e7\u00e3o teve in\u00edcio \u00e0s 08h e seguir\u00e1 at\u00e9 \u00e0s 14h; programa\u00e7\u00e3o contar\u00e1 com apresenta\u00e7\u00f5es musicais de artistas alagoanos *Imagem: Reprodu\u00e7\u00e3o<\/p>\n","protected":false},"author":1,"featured_media":9670,"comment_status":"open","ping_status":"open","sticky":false,"template":"","format":"standard","meta":{"colormag_page_container_layout":"default_layout","colormag_page_sidebar_layout":"default_layout","footnotes":""},"categories":[10],"tags":[879,880,174,881,345,882,883],"class_list":["post-9669","post","type-post","status-publish","format-standard","has-post-thumbnail","hentry","category-noticias","tag-avenida-fernandes-lima","tag-bloqueio","tag-braskem","tag-indenizacao","tag-manifestacao","tag-moradores-bairros-afetados","tag-protesto"],"aioseo_notices":[],"_links":{"self":[{"href":"https:\/\/portalr3.online\/index.php\/wp-json\/wp\/v2\/posts\/9669","targetHints":{"allow":["GET"]}}],"collection":[{"href":"https:\/\/portalr3.online\/index.php\/wp-json\/wp\/v2\/posts"}],"about":[{"href":"https:\/\/portalr3.online\/index.php\/wp-json\/wp\/v2\/types\/post"}],"author":[{"embeddable":true,"href":"https:\/\/portalr3.online\/index.php\/wp-json\/wp\/v2\/users\/1"}],"replies":[{"embeddable":true,"href":"https:\/\/portalr3.online\/index.php\/wp-json\/wp\/v2\/comments?post=9669"}],"version-history":[{"count":0,"href":"https:\/\/portalr3.online\/index.php\/wp-json\/wp\/v2\/posts\/9669\/revisions"}],"wp:featuredmedia":[{"embeddable":true,"href":"https:\/\/portalr3.online\/index.php\/wp-json\/wp\/v2\/media\/9670"}],"wp:attachment":[{"href":"https:\/\/portalr3.online\/index.php\/wp-json\/wp\/v2\/media?parent=9669"}],"wp:term":[{"taxonomy":"category","embeddable":true,"href":"https:\/\/portalr3.online\/index.php\/wp-json\/wp\/v2\/categories?post=9669"},{"taxonomy":"post_tag","embeddable":true,"href":"https:\/\/portalr3.online\/index.php\/wp-json\/wp\/v2\/tags?post=9669"}],"curies":[{"name":"wp","href":"https:\/\/api.w.org\/{rel}","templated":true}]}}