{"id":9666,"date":"2021-07-08T11:03:18","date_gmt":"2021-07-08T14:03:18","guid":{"rendered":"https:\/\/portalnarede.com.br\/?p=9666"},"modified":"2021-07-08T11:03:18","modified_gmt":"2021-07-08T14:03:18","slug":"prefeito-jhc-assina-convenio-e-maceio-tera-o-1o-posto-de-coleta-de-leite-materno","status":"publish","type":"post","link":"https:\/\/portalr3.online\/index.php\/2021\/07\/08\/prefeito-jhc-assina-convenio-e-maceio-tera-o-1o-posto-de-coleta-de-leite-materno\/","title":{"rendered":"Prefeito JHC assina conv\u00eanio e Macei\u00f3 ter\u00e1 o 1\u00ba posto de coleta de leite materno"},"content":{"rendered":"\n<p><em>Espa\u00e7o vai funcionar no Benedito Bentes e deve ser entregue em agosto<\/em><\/p>\n\n\n\n<p>*Com informa\u00e7\u00f5es e foto: secom Macei\u00f3<\/p>\n\n\n\n<p>O prefeito de Macei\u00f3, JHC, assinou, nessa quarta-feira (7), um conv\u00eanio entre a Secretaria de Sa\u00fade de Macei\u00f3 e o Hospital Universit\u00e1rio (HU) para viabilizar a cria\u00e7\u00e3o do primeiro posto de coleta de leite materno. Com a iniciativa, este ser\u00e1 o primeiro posto de coleta de leite materno do munic\u00edpio. A previs\u00e3o \u00e9 que o espa\u00e7o esteja em pleno funcionamento j\u00e1 a partir do m\u00eas de agosto.<\/p>\n\n\n\n<p>\u201cAtendemos a um pedido antigo de tantas m\u00e3es e fam\u00edlias que necessitam desse alimento. De forma in\u00e9dita, Macei\u00f3 tamb\u00e9m vai passar a integrar a Rede Brasileira de Bancos de Leite Humano (rBLH), do Minist\u00e9rio da Sa\u00fade\u201d, afirma JHC.<\/p>\n\n\n\n<p>Segundo a Prefeitura de Macei\u00f3, o ponto de coleta funcionar\u00e1 na unidade de sa\u00fade Hamilton Falc\u00e3o, que fica no Benedito Bentes. A previs\u00e3o \u00e9 que ele passe a operar a partir de agosto. De l\u00e1, todo o leite recolhido ser\u00e1 pasteurizado e armazenado no Banco de Leite do HU, onde ficar\u00e1 dispon\u00edvel para atender a quem precisar.<\/p>\n\n\n\n<p>A iniciativa \u00e9 uma pol\u00edtica p\u00fablica que ser\u00e1 parte do programa de aten\u00e7\u00e3o \u00e0s gestantes, pu\u00e9rperas e lactantes desenvolvido pelo Gabinete de Pol\u00edticas P\u00fablicas para Mulheres. Para a coordenadora, Ana Paula Mendes, \u00e9 uma forma de amparar as fam\u00edlias e as m\u00e3es que precisam da aten\u00e7\u00e3o do munic\u00edpio.<\/p>\n\n\n\n<p>\u201c\u00c9 preciso que as pessoas entendam que os bancos existentes n\u00e3o possuem estoque adequado desse que \u00e9 um nutriente fundamental no bem-estar de beb\u00eas e rec\u00e9m-nascidos. O leite materno salva vidas\u201d, explica.<\/p>\n","protected":false},"excerpt":{"rendered":"<p>Espa\u00e7o vai funcionar no Benedito Bentes e deve ser entregue em agosto *Com informa\u00e7\u00f5es e foto: secom Macei\u00f3 O prefeito<\/p>\n","protected":false},"author":1,"featured_media":9667,"comment_status":"open","ping_status":"open","sticky":false,"template":"","format":"standard","meta":{"colormag_page_container_layout":"default_layout","colormag_page_sidebar_layout":"default_layout","footnotes":""},"categories":[10],"tags":[875,876,37,877,878,141],"class_list":["post-9666","post","type-post","status-publish","format-standard","has-post-thumbnail","hentry","category-noticias","tag-convenio","tag-leite-materno","tag-maceio","tag-posto-de-coleta","tag-prefeito-jhc","tag-prefeitura-de-maceio"],"aioseo_notices":[],"_links":{"self":[{"href":"https:\/\/portalr3.online\/index.php\/wp-json\/wp\/v2\/posts\/9666","targetHints":{"allow":["GET"]}}],"collection":[{"href":"https:\/\/portalr3.online\/index.php\/wp-json\/wp\/v2\/posts"}],"about":[{"href":"https:\/\/portalr3.online\/index.php\/wp-json\/wp\/v2\/types\/post"}],"author":[{"embeddable":true,"href":"https:\/\/portalr3.online\/index.php\/wp-json\/wp\/v2\/users\/1"}],"replies":[{"embeddable":true,"href":"https:\/\/portalr3.online\/index.php\/wp-json\/wp\/v2\/comments?post=9666"}],"version-history":[{"count":0,"href":"https:\/\/portalr3.online\/index.php\/wp-json\/wp\/v2\/posts\/9666\/revisions"}],"wp:featuredmedia":[{"embeddable":true,"href":"https:\/\/portalr3.online\/index.php\/wp-json\/wp\/v2\/media\/9667"}],"wp:attachment":[{"href":"https:\/\/portalr3.online\/index.php\/wp-json\/wp\/v2\/media?parent=9666"}],"wp:term":[{"taxonomy":"category","embeddable":true,"href":"https:\/\/portalr3.online\/index.php\/wp-json\/wp\/v2\/categories?post=9666"},{"taxonomy":"post_tag","embeddable":true,"href":"https:\/\/portalr3.online\/index.php\/wp-json\/wp\/v2\/tags?post=9666"}],"curies":[{"name":"wp","href":"https:\/\/api.w.org\/{rel}","templated":true}]}}