{"id":9664,"date":"2021-07-08T11:26:05","date_gmt":"2021-07-08T14:26:05","guid":{"rendered":"https:\/\/portalnarede.com.br\/?p=9664"},"modified":"2021-07-08T11:26:05","modified_gmt":"2021-07-08T14:26:05","slug":"covid-19-forca-tarefa-do-mp-pedira-imunizacao-para-lactantes-e-controle-de-profissionais-da-educacao-que-nao-se-vacinarem","status":"publish","type":"post","link":"https:\/\/portalr3.online\/index.php\/2021\/07\/08\/covid-19-forca-tarefa-do-mp-pedira-imunizacao-para-lactantes-e-controle-de-profissionais-da-educacao-que-nao-se-vacinarem\/","title":{"rendered":"Covid-19: MP pedir\u00e1 imuniza\u00e7\u00e3o para lactantes e controle de profissionais da educa\u00e7\u00e3o que n\u00e3o se vacinarem"},"content":{"rendered":"\n<p><em>Of\u00edcios ser\u00e3o encaminhados ao Minist\u00e9ri0o da Sa\u00fade e munic\u00edpios<\/em><\/p>\n\n\n\n<p>*Com informa\u00e7\u00f5es: Assessoria MPAL | Foto: Assessoria Secom Macei\u00f3<\/p>\n\n\n\n<p>Em mais uma reuni\u00e3o, a For\u00e7a-Tarefa de Preven\u00e7\u00e3o e Enfrentamento \u00e0 Pandemia da Covid-19 do Minist\u00e9rio P\u00fablico do Estado de Alagoas (MPAL) decidiu, nessa quarta-feira (07), que enviar\u00e1 of\u00edcio ao Minist\u00e9rio da Sa\u00fade solicitando a inclus\u00e3o das lactantes no Plano Nacional de Imuniza\u00e7\u00e3o (PNI). O colegiado tamb\u00e9m deliberou, que por raz\u00f5es de seguran\u00e7a na volta \u00e0s aulas presenciais, ir\u00e1 expedir recomenda\u00e7\u00e3o aos munic\u00edpios para que instaurem procedimentos administrativos em desfavor dos professores que n\u00e3o quiseram se vacinar, para que esses profissionais n\u00e3o possam retornar \u00e0 sala de aula.<\/p>\n\n\n\n<p>Presidido pelo procurador-geral de Justi\u00e7a de Alagoas, M\u00e1rcio Roberto Ten\u00f3rio de Albuquerque, o encontro teve como primeiro ponto de pauta a possibilidade de inclus\u00e3o das lactantes no PNI. <\/p>\n\n\n\n<p>Representando o grupo Lactantes pela Vacina, a servidora do Minist\u00e9rio P\u00fablico, Ingrid Rafaela Pinto Falc\u00e3o Tavares de Souza, foi convidada para falar em nome das m\u00e3es que est\u00e3o no processo de amamenta\u00e7\u00e3o. <\/p>\n\n\n\n<p>\u201cN\u00f3s n\u00e3o estamos queremos passar na frente de nenhum grupo priorit\u00e1rio, apenas desejamos estar vacinadas para proteger os nossos filhos. Todos sabemos que os beb\u00eas sequer podem usar m\u00e1scaras para se proteger, ent\u00e3o, a vacina\u00e7\u00e3o das lactantes \u00e9 o caminho que n\u00f3s temos para transmitir a imunidade necess\u00e1ria para combater esse v\u00edrus t\u00e3o cruel. Com apenas uma vacina mais de uma vida poder\u00e1 ser salva\u201d, alegou ela.<\/p>\n\n\n\n<p>A servidora tamb\u00e9m acrescentou que o estado de Santa Catarina j\u00e1 possui lei que inclui lactantes nos seu plano estadual de imuniza\u00e7\u00e3o e que outros estados inclu\u00edram as lactantes atrav\u00e9s de resolu\u00e7\u00e3o da CIB.<\/p>\n\n\n\n<p>Ap\u00f3s ouvir os argumentos de Ingrid Rafaela, a FT decidiu que enviar\u00e1 of\u00edcio ao Minist\u00e9rio da Sa\u00fade. \u201cVamos preparar o documento pedindo a inclus\u00e3o das lactantes no PNI. De fato, os argumentos desse grupo s\u00e3o leg\u00edtimos e, por isso, solicitaremos ao MS que ele seja sens\u00edvel \u00e0 causa\u201d, afirmou o chefe do MPAL.<\/p>\n\n\n\n<p><strong>Imuniza\u00e7\u00e3o e volta \u00e0s aulas<\/strong><\/p>\n\n\n\n<p>Outro ponto abordado durante a reuni\u00e3o foi a resist\u00eancia de professores \u00e0 vacina\u00e7\u00e3o contra a Covid-19. Apesar de reconhecer que a vacina\u00e7\u00e3o n\u00e3o \u00e9 um procedimento compuls\u00f3rio, a For\u00e7a-tarefa entendeu que aqueles professores que se recusaram a receber a imuniza\u00e7\u00e3o devem responder a um procedimento administrativo na Secretaria Municipal de Educa\u00e7\u00e3o na qual ele \u00e9 vinculado.<\/p>\n\n\n\n<p>\u201c\u00c9 claro que h\u00e1 legitimidade na escolha de algu\u00e9m por n\u00e3o se vacinar, por\u00e9m, para quem \u00e9 servidor p\u00fablico e trabalha com a coletividade, essa imuniza\u00e7\u00e3o deve ser obrigat\u00f3ria, o que, segundo nossa legisla\u00e7\u00e3o, \u00e9 diferente de vacina\u00e7\u00e3o compuls\u00f3ria. Sendo assim, a op\u00e7\u00e3o de n\u00e3o vacina\u00e7\u00e3o deve ser acompanhada de controle da administra\u00e7\u00e3o p\u00fablica para prote\u00e7\u00e3o daqueles alunos e profissionais da educa\u00e7\u00e3o que est\u00e3o vacinados e v\u00e3o frequentar o ambiente escolar. Dessa forma, ser\u00e1 respeitada a op\u00e7\u00e3o individual de cada um sem prejudicar os demais, \u201cdetalhou o promotor de Justi\u00e7a Lucas Sachsida, coordenador do N\u00facleo de Defesa da Educa\u00e7\u00e3o do MPAL.<\/p>\n","protected":false},"excerpt":{"rendered":"<p>Of\u00edcios ser\u00e3o encaminhados ao Minist\u00e9ri0o da Sa\u00fade e munic\u00edpios *Com informa\u00e7\u00f5es: Assessoria MPAL | Foto: Assessoria Secom Macei\u00f3 Em mais<\/p>\n","protected":false},"author":1,"featured_media":9295,"comment_status":"open","ping_status":"open","sticky":false,"template":"","format":"standard","meta":{"colormag_page_container_layout":"default_layout","colormag_page_sidebar_layout":"default_layout","footnotes":""},"categories":[10],"tags":[82,872,873,874,497,195,170],"class_list":["post-9664","post","type-post","status-publish","format-standard","has-post-thumbnail","hentry","category-noticias","tag-covid-19","tag-forca-tarefa","tag-imunizacao-lactantes","tag-imunizacao-professores","tag-ministerio-publico","tag-mpal","tag-volta-as-aulas"],"aioseo_notices":[],"_links":{"self":[{"href":"https:\/\/portalr3.online\/index.php\/wp-json\/wp\/v2\/posts\/9664","targetHints":{"allow":["GET"]}}],"collection":[{"href":"https:\/\/portalr3.online\/index.php\/wp-json\/wp\/v2\/posts"}],"about":[{"href":"https:\/\/portalr3.online\/index.php\/wp-json\/wp\/v2\/types\/post"}],"author":[{"embeddable":true,"href":"https:\/\/portalr3.online\/index.php\/wp-json\/wp\/v2\/users\/1"}],"replies":[{"embeddable":true,"href":"https:\/\/portalr3.online\/index.php\/wp-json\/wp\/v2\/comments?post=9664"}],"version-history":[{"count":0,"href":"https:\/\/portalr3.online\/index.php\/wp-json\/wp\/v2\/posts\/9664\/revisions"}],"wp:featuredmedia":[{"embeddable":true,"href":"https:\/\/portalr3.online\/index.php\/wp-json\/"}],"wp:attachment":[{"href":"https:\/\/portalr3.online\/index.php\/wp-json\/wp\/v2\/media?parent=9664"}],"wp:term":[{"taxonomy":"category","embeddable":true,"href":"https:\/\/portalr3.online\/index.php\/wp-json\/wp\/v2\/categories?post=9664"},{"taxonomy":"post_tag","embeddable":true,"href":"https:\/\/portalr3.online\/index.php\/wp-json\/wp\/v2\/tags?post=9664"}],"curies":[{"name":"wp","href":"https:\/\/api.w.org\/{rel}","templated":true}]}}