{"id":9659,"date":"2021-07-08T10:48:24","date_gmt":"2021-07-08T13:48:24","guid":{"rendered":"https:\/\/portalnarede.com.br\/?p=9659"},"modified":"2021-07-08T10:48:24","modified_gmt":"2021-07-08T13:48:24","slug":"trecho-da-av-gustavo-paiva-em-cruz-das-almas-sera-interditado-por-15-dias-a-partir-desta-sexta-09","status":"publish","type":"post","link":"https:\/\/portalr3.online\/index.php\/2021\/07\/08\/trecho-da-av-gustavo-paiva-em-cruz-das-almas-sera-interditado-por-15-dias-a-partir-desta-sexta-09\/","title":{"rendered":"Trecho da Av. Gustavo Paiva ser\u00e1 interditado por 15 dias a partir desta sexta (09)"},"content":{"rendered":"\n<p><em>Segundo a Prefeitura, uma galeria de aproximadamente 120 metros estaria sem manuten\u00e7\u00e3o h\u00e1 cinco anos.<\/em><\/p>\n\n\n\n<p>*Com informa\u00e7\u00f5es e foto: assessoria<\/p>\n\n\n\n<p>Para a realiza\u00e7\u00e3o de servi\u00e7os de manuten\u00e7\u00e3o em galerias de \u00e1guas pluviais e tamb\u00e9m recapeamento da via, a Secretaria Municipal de Infraestrutura (Seminfra) vai interditar, a partir desta sexta-feira (09), \u00e0s 7h, um trecho da Avenida Comendador Gustavo Paiva, em Cruz das Almas, pr\u00f3ximo a Unidas Seminovos. A interdi\u00e7\u00e3o tem a dura\u00e7\u00e3o programada de 15 dias. Segundo a Prefeitura, a galeria de aproximadamente 120 metros estaria sem manuten\u00e7\u00e3o h\u00e1 cinco anos. O abandono estaria causando transtornos como ac\u00famulo de \u00e1gua e alagamentos em per\u00edodos chuvosos. <\/p>\n\n\n\n<p>A identifica\u00e7\u00e3o foi realizada por t\u00e9cnicos da Seminfra que estiveram no local no \u00faltimo final de semana. Na galeria, ser\u00e1 feita limpeza e desobstru\u00e7\u00e3o para garantir que a \u00e1gua da chuva escoe para o destino correto.<\/p>\n\n\n\n<p>Depois de finalizar esta etapa da obra, a Infraestrutura vai recapear a Avenida Gustavo Paiva, no mesmo trecho, para melhorar o tr\u00e2nsito e fluxo de ve\u00edculos no local. O prazo para conclus\u00e3o das obras \u00e9 de 15 dias.<\/p>\n\n\n\n<p>Agentes da Superintend\u00eancia Municipal de Transportes e Tr\u00e2nsito (SMTT) prestar\u00e3o apoio vi\u00e1rio durante o per\u00edodo de obras para garantir a seguran\u00e7a vi\u00e1ria de pedestres, trabalhadores e daqueles que trafegam pela via.<\/p>\n\n\n\n<p>A orienta\u00e7\u00e3o \u00e9 que os condutores que seguem no sentido Centro\/Litoral Norte, acessem a Rua C, em seguida Rua Othoniel Costa e, posteriormente, a Rua Dr. Waldemiro Alencar J\u00fanior e a Avenida Jo\u00e3o Davino, em seguida retornem para Avenida Comendador Gustavo Paiva.<\/p>\n\n\n\n<p>Os coletivos seguir\u00e3o o percurso descrito acima. A orienta\u00e7\u00e3o \u00e9 que os usu\u00e1rios que utilizam o ponto de \u00f4nibus localizado em frente ao Lar S\u00e3o Domingos devem se deslocar at\u00e9 o conjunto Vaticano, j\u00e1 os que utilizam a parada pr\u00f3xima a Mangabeiras Ve\u00edculos devem seguir para o pr\u00f3ximo ponto local para aguardar o transporte p\u00fablico.<\/p>\n\n\n\n<p>As empresas que prestam o servi\u00e7o j\u00e1 foram comunicadas sobre a necessidade dos motoristas mudarem o percurso devido aos trabalhos realizados pelas equipes da Seminfra.<\/p>\n","protected":false},"excerpt":{"rendered":"<p>Segundo a Prefeitura, uma galeria de aproximadamente 120 metros estaria sem manuten\u00e7\u00e3o h\u00e1 cinco anos. *Com informa\u00e7\u00f5es e foto: assessoria<\/p>\n","protected":false},"author":1,"featured_media":9660,"comment_status":"open","ping_status":"open","sticky":false,"template":"","format":"standard","meta":{"colormag_page_container_layout":"default_layout","colormag_page_sidebar_layout":"default_layout","footnotes":""},"categories":[10],"tags":[],"class_list":["post-9659","post","type-post","status-publish","format-standard","has-post-thumbnail","hentry","category-noticias"],"aioseo_notices":[],"_links":{"self":[{"href":"https:\/\/portalr3.online\/index.php\/wp-json\/wp\/v2\/posts\/9659","targetHints":{"allow":["GET"]}}],"collection":[{"href":"https:\/\/portalr3.online\/index.php\/wp-json\/wp\/v2\/posts"}],"about":[{"href":"https:\/\/portalr3.online\/index.php\/wp-json\/wp\/v2\/types\/post"}],"author":[{"embeddable":true,"href":"https:\/\/portalr3.online\/index.php\/wp-json\/wp\/v2\/users\/1"}],"replies":[{"embeddable":true,"href":"https:\/\/portalr3.online\/index.php\/wp-json\/wp\/v2\/comments?post=9659"}],"version-history":[{"count":0,"href":"https:\/\/portalr3.online\/index.php\/wp-json\/wp\/v2\/posts\/9659\/revisions"}],"wp:featuredmedia":[{"embeddable":true,"href":"https:\/\/portalr3.online\/index.php\/wp-json\/wp\/v2\/media\/9660"}],"wp:attachment":[{"href":"https:\/\/portalr3.online\/index.php\/wp-json\/wp\/v2\/media?parent=9659"}],"wp:term":[{"taxonomy":"category","embeddable":true,"href":"https:\/\/portalr3.online\/index.php\/wp-json\/wp\/v2\/categories?post=9659"},{"taxonomy":"post_tag","embeddable":true,"href":"https:\/\/portalr3.online\/index.php\/wp-json\/wp\/v2\/tags?post=9659"}],"curies":[{"name":"wp","href":"https:\/\/api.w.org\/{rel}","templated":true}]}}