{"id":9643,"date":"2021-07-07T10:58:59","date_gmt":"2021-07-07T13:58:59","guid":{"rendered":"https:\/\/portalnarede.com.br\/?p=9643"},"modified":"2021-07-07T10:58:59","modified_gmt":"2021-07-07T13:58:59","slug":"presidente-do-haiti-e-assassinado-a-tiros-em-casa-durante-a-noite","status":"publish","type":"post","link":"https:\/\/portalr3.online\/index.php\/2021\/07\/07\/presidente-do-haiti-e-assassinado-a-tiros-em-casa-durante-a-noite\/","title":{"rendered":"Presidente do Haiti \u00e9 assassinado a tiros em casa durante a noite"},"content":{"rendered":"\n<p><em><strong>Ataque ocorre em meio ao aumento da viol\u00eancia pol\u00edtica no pa\u00eds<\/strong><\/em><\/p>\n\n\n\n<p><em>Fonte: Ag\u00eancia Brasil<\/em><\/p>\n\n\n\n<p>O presidente do Haiti, Jovenal Moise, foi assassinado a tiros por agressores n\u00e3o identificados em sua resid\u00eancia&nbsp;durante a noite, em &#8220;um ato desumano e b\u00e1rbaro&#8221;, disse o primeiro-ministro interino do pa\u00eds, Claude Joseph, nesta quarta-feira (7).<img decoding=\"async\" src=\"https:\/\/agenciabrasil.ebc.com.br\/ebc.png?id=1414875&amp;o=node\"><img decoding=\"async\" src=\"https:\/\/agenciabrasil.ebc.com.br\/ebc.gif?id=1414875&amp;o=node\"><\/p>\n\n\n\n<p>A esposa de Moise foi ferida e estava recebendo atendimento m\u00e9dico, disse Joseph em comunicado.<\/p>\n\n\n\n<p>O ataque ocorre&nbsp;em meio ao crescimento da viol\u00eancia pol\u00edtica na empobrecida na\u00e7\u00e3o caribenha. Com o Haiti dividido politicamente&nbsp;e enfrentando crescente crise humanit\u00e1ria e desabastecimento de alimentos, h\u00e1 temores da dissemina\u00e7\u00e3o da desordem.<\/p>\n\n\n\n<p>&#8220;Todas as medidas est\u00e3o sendo tomadas para garantir a continuidade do Estado e proteger a na\u00e7\u00e3o&#8221;, disse Joseph. Disparos de armas de fogo podiam ser ouvidos em toda a capital do pa\u00eds.<\/p>\n\n\n\n<p>Porto Pr\u00edncipe vem sofrendo com um aumento da viol\u00eancia entre gangues e entre esses grupos e a pol\u00edcia pelo controle das ruas.<\/p>\n\n\n\n<p>A viol\u00eancia foi alimentada pelo aumento da pobreza e da instabilidade pol\u00edtica. Moise enfrentou protestos ferozes desde que assumiu a Presid\u00eancia em 2017, com a oposi\u00e7\u00e3o acusando-o, neste&nbsp;ano, de tentar impor uma ditadura ao ampliar seu mandato e se tornar mais autorit\u00e1rio &#8211; acusa\u00e7\u00f5es que ele negava.<\/p>\n","protected":false},"excerpt":{"rendered":"<p>Ataque ocorre em meio ao aumento da viol\u00eancia pol\u00edtica no pa\u00eds Fonte: Ag\u00eancia Brasil O presidente do Haiti, Jovenal Moise,<\/p>\n","protected":false},"author":1,"featured_media":9645,"comment_status":"open","ping_status":"open","sticky":false,"template":"","format":"standard","meta":{"colormag_page_container_layout":"default_layout","colormag_page_sidebar_layout":"default_layout","footnotes":""},"categories":[10],"tags":[861,862],"class_list":["post-9643","post","type-post","status-publish","format-standard","has-post-thumbnail","hentry","category-noticias","tag-assassinado","tag-haiti"],"aioseo_notices":[],"_links":{"self":[{"href":"https:\/\/portalr3.online\/index.php\/wp-json\/wp\/v2\/posts\/9643","targetHints":{"allow":["GET"]}}],"collection":[{"href":"https:\/\/portalr3.online\/index.php\/wp-json\/wp\/v2\/posts"}],"about":[{"href":"https:\/\/portalr3.online\/index.php\/wp-json\/wp\/v2\/types\/post"}],"author":[{"embeddable":true,"href":"https:\/\/portalr3.online\/index.php\/wp-json\/wp\/v2\/users\/1"}],"replies":[{"embeddable":true,"href":"https:\/\/portalr3.online\/index.php\/wp-json\/wp\/v2\/comments?post=9643"}],"version-history":[{"count":0,"href":"https:\/\/portalr3.online\/index.php\/wp-json\/wp\/v2\/posts\/9643\/revisions"}],"wp:featuredmedia":[{"embeddable":true,"href":"https:\/\/portalr3.online\/index.php\/wp-json\/wp\/v2\/media\/9645"}],"wp:attachment":[{"href":"https:\/\/portalr3.online\/index.php\/wp-json\/wp\/v2\/media?parent=9643"}],"wp:term":[{"taxonomy":"category","embeddable":true,"href":"https:\/\/portalr3.online\/index.php\/wp-json\/wp\/v2\/categories?post=9643"},{"taxonomy":"post_tag","embeddable":true,"href":"https:\/\/portalr3.online\/index.php\/wp-json\/wp\/v2\/tags?post=9643"}],"curies":[{"name":"wp","href":"https:\/\/api.w.org\/{rel}","templated":true}]}}