{"id":96,"date":"2021-03-28T16:54:58","date_gmt":"2021-03-28T19:54:58","guid":{"rendered":"https:\/\/noticiasnomundo.online\/?p=96"},"modified":"2021-03-28T16:54:58","modified_gmt":"2021-03-28T19:54:58","slug":"policia-acaba-com-3-festas-clandestinas-na-zona-leste-de-sp","status":"publish","type":"post","link":"https:\/\/portalr3.online\/index.php\/2021\/03\/28\/policia-acaba-com-3-festas-clandestinas-na-zona-leste-de-sp\/","title":{"rendered":"Pol\u00edcia acaba com 3 festas clandestinas na Zona Leste de SP"},"content":{"rendered":"\n<p>A a\u00e7\u00e3o ocorreu na madrugada deste domingo (28) na Rua Doutor Costa Valente, na Mooca. A maior parte dos frequentadores \u00e9 de estrangeiros. A regi\u00e3o \u00e9 conhecida pela presen\u00e7a de bolivianos, peruanos, paraguaios e colombianos. Organizadores dos eventos seriam autuados por crime contra a sa\u00fade p\u00fablica.<\/p>\n\n\n\n<p>Opera\u00e7\u00e3o conjunta da Pol\u00edcia Civil, Guarda Civil Metropolitana (GCM) e Prefeitura acabou com tr\u00eas festas clandestinas com aproximadamente 50 pessoas aglomeradas nesses locais, a maioria sem m\u00e1scaras, na regi\u00e3o da Mooca, Zona Leste de S\u00e3o Paulo. Aglomera\u00e7\u00f5es s\u00e3o proibidas durante a pandemia de coronav\u00edrus. E o uso de m\u00e1scaras \u00e9 obrigat\u00f3rio para conter o avan\u00e7o da doen\u00e7a.<\/p>\n\n\n\n<h2 class=\"wp-block-heading\">Organizadores detidos<\/h2>\n\n\n\n<p>Os organizadores dos eventos foram detidos e levados para o 78\u00ba Distrito Policial (DP), nos Jardins, Centro da capital, onde seriam autuados por crime contra a sa\u00fade p\u00fablica.<\/p>\n\n\n\n<p>Eles descumpriram as medidas de restri\u00e7\u00f5es impostas pelo governo estadual para o combate a propaga\u00e7\u00e3o do v\u00edrus que j\u00e1 matou mais de 70 mil pessoas no estado e infectou mais de 2 milh\u00f5es de pessoas.<\/p>\n\n\n\n<p>Os organizadores seriam liberados ap\u00f3s prestarem depoimento. Os locais onde ocorriam as baladas clandestinas ser\u00e3o lacrados. E s\u00f3 poder\u00e3o ser abertos ap\u00f3s o fim da pandemia.<\/p>\n","protected":false},"excerpt":{"rendered":"<p>A a\u00e7\u00e3o ocorreu na madrugada deste domingo (28) na Rua Doutor Costa Valente, na Mooca. A maior parte dos frequentadores<\/p>\n","protected":false},"author":1,"featured_media":97,"comment_status":"open","ping_status":"open","sticky":false,"template":"","format":"standard","meta":{"colormag_page_container_layout":"default_layout","colormag_page_sidebar_layout":"default_layout","footnotes":""},"categories":[3],"tags":[],"class_list":["post-96","post","type-post","status-publish","format-standard","has-post-thumbnail","hentry","category-covid-19"],"aioseo_notices":[],"_links":{"self":[{"href":"https:\/\/portalr3.online\/index.php\/wp-json\/wp\/v2\/posts\/96","targetHints":{"allow":["GET"]}}],"collection":[{"href":"https:\/\/portalr3.online\/index.php\/wp-json\/wp\/v2\/posts"}],"about":[{"href":"https:\/\/portalr3.online\/index.php\/wp-json\/wp\/v2\/types\/post"}],"author":[{"embeddable":true,"href":"https:\/\/portalr3.online\/index.php\/wp-json\/wp\/v2\/users\/1"}],"replies":[{"embeddable":true,"href":"https:\/\/portalr3.online\/index.php\/wp-json\/wp\/v2\/comments?post=96"}],"version-history":[{"count":0,"href":"https:\/\/portalr3.online\/index.php\/wp-json\/wp\/v2\/posts\/96\/revisions"}],"wp:featuredmedia":[{"embeddable":true,"href":"https:\/\/portalr3.online\/index.php\/wp-json\/wp\/v2\/media\/97"}],"wp:attachment":[{"href":"https:\/\/portalr3.online\/index.php\/wp-json\/wp\/v2\/media?parent=96"}],"wp:term":[{"taxonomy":"category","embeddable":true,"href":"https:\/\/portalr3.online\/index.php\/wp-json\/wp\/v2\/categories?post=96"},{"taxonomy":"post_tag","embeddable":true,"href":"https:\/\/portalr3.online\/index.php\/wp-json\/wp\/v2\/tags?post=96"}],"curies":[{"name":"wp","href":"https:\/\/api.w.org\/{rel}","templated":true}]}}