{"id":9586,"date":"2021-07-06T11:09:03","date_gmt":"2021-07-06T14:09:03","guid":{"rendered":"https:\/\/portalnarede.com.br\/?p=9586"},"modified":"2021-07-06T11:09:03","modified_gmt":"2021-07-06T14:09:03","slug":"antecipado-trabalhadores-nascidos-em-abril-podem-sacar-auxilio-emergencial","status":"publish","type":"post","link":"https:\/\/portalr3.online\/index.php\/2021\/07\/06\/antecipado-trabalhadores-nascidos-em-abril-podem-sacar-auxilio-emergencial\/","title":{"rendered":"Antecipado: Trabalhadores nascidos em abril podem sacar aux\u00edlio emergencial"},"content":{"rendered":"\n<p>*Com informa\u00e7\u00f5es e foto: Ag\u00eancia Brasil<\/p>\n\n\n\n<p>A partir desta ter\u00e7a-feira (06), trabalhadores informais e inscritos no Cadastro \u00danico para Programas Sociais do Governo Federal (Cad\u00danico) nascidos em abril podem sacar a terceira parcela do aux\u00edlio emergencial 2021. O dinheiro foi\u00a0depositado nas contas poupan\u00e7a digitais da Caixa Econ\u00f4mica Federal em\u00a022 de junho.<img decoding=\"async\" src=\"https:\/\/agenciabrasil.ebc.com.br\/ebc.png?id=1414767&amp;o=node\"> Os benefici\u00e1rios tamb\u00e9m contam com a op\u00e7\u00e3o de transferir os recursos para uma conta-corrente, sem custos. <\/p>\n\n\n\n<p>O saque foi antecipado em duas semanas pela Caixa, j\u00e1 que pela programa\u00e7\u00e3o inicial deveria ocorrer em 20 de julho. A adapta\u00e7\u00e3o dos sistemas tecnol\u00f3gicos e dos benefici\u00e1rios ao sistema de pagamento do aux\u00edlio emergencial permitiu, segundo o banco, o adiantamento do calend\u00e1rio<\/p>\n\n\n\n<p>At\u00e9 ent\u00e3o o dinheiro apenas podia ser movimentado por meio do aplicativo Caixa Tem, que permite o pagamento de contas\u00a0dom\u00e9sticas (\u00e1gua, luz, telefone e g\u00e1s), de boletos, compras em lojas virtuais ou compras com o c\u00f3digo QR (vers\u00e3o avan\u00e7ada do c\u00f3digo de barras) em maquininhas de estabelecimentos parceiros.<\/p>\n\n\n\n<p>Em caso de d\u00favidas, a central telef\u00f4nica 111 da Caixa funciona de\u00a0segunda\u00a0a\u00a0domingo, das 7h \u00e0s 22h. Al\u00e9m disso, o benefici\u00e1rio pode consultar o\u00a0<em>site<\/em>\u00a0<a href=\"https:\/\/auxilio.caixa.gov.br\/#\/inicio\" target=\"_blank\" rel=\"noreferrer noopener\">auxilio.caixa.gov.br<\/a>.<\/p>\n\n\n\n<p>O aux\u00edlio emergencial foi criado em abril do ano passado pelo governo federal para atender pessoas vulner\u00e1veis afetadas pela pandemia de covid-19. Ele foi pago em cinco parcelas de R$ 600 ou R$ 1,2 mil para m\u00e3es chefes de fam\u00edlia monoparental e, depois, estendido at\u00e9&nbsp;31 de dezembro&nbsp;de 2020 em at\u00e9 quatro parcelas de R$ 300 ou R$ 600 cada.<br><br>Neste ano, a nova rodada de pagamentos, durante quatro meses, prev\u00ea parcelas de R$ 150 a R$ 375, dependendo do perfil: as fam\u00edlias, em geral, recebem R$ 250; a fam\u00edlia monoparental, chefiada por uma mulher, recebe R$ 375; e pessoas que moram sozinhas recebem R$ 150.<\/p>\n\n\n\n<h2 class=\"wp-block-heading\">Regras<\/h2>\n\n\n\n<figure class=\"wp-block-image\"><img decoding=\"async\" src=\"https:\/\/imagens.ebc.com.br\/D71bAOwshXNI0dkU9gUSvNO7Df4=\/754x0\/smart\/https:\/\/agenciabrasil.ebc.com.br\/sites\/default\/files\/thumbnails\/image\/saque_-_terceira_parcela_auxilio_emergencial.jpg?itok=whotkNyr\" alt=\"Calend\u00e1rio de saques da terceira parcela do aux\u00edlio emergencial 2021\" title=\"Caixa - Divulga\u00e7\u00e3o\"\/><\/figure>\n\n\n\n<p>Calend\u00e1rio de saques da terceira parcela do aux\u00edlio emergencial 2021 &#8211;&nbsp;<strong>Caixa &#8211; Divulga\u00e7\u00e3o<\/strong><\/p>\n\n\n\n<p>Pelas regras estabelecidas, o aux\u00edlio ser\u00e1 pago \u00e0s fam\u00edlias com renda mensal total de at\u00e9 tr\u00eas sal\u00e1rios m\u00ednimos, desde que a renda por pessoa seja inferior a meio sal\u00e1rio m\u00ednimo. \u00c9 necess\u00e1rio que o benefici\u00e1rio j\u00e1 tenha sido considerado eleg\u00edvel at\u00e9 o m\u00eas\u00a0de dezembro\u00a0de 2020, pois n\u00e3o h\u00e1 nova fase de inscri\u00e7\u00f5es. Para quem recebe o Bolsa Fam\u00edlia, continua valendo a regra do valor mais vantajoso, seja a parcela paga no programa social, seja a do aux\u00edlio emergencial.<br><br><\/p>\n","protected":false},"excerpt":{"rendered":"<p>*Com informa\u00e7\u00f5es e foto: Ag\u00eancia Brasil A partir desta ter\u00e7a-feira (06), trabalhadores informais e inscritos no Cadastro \u00danico para Programas<\/p>\n","protected":false},"author":1,"featured_media":8239,"comment_status":"open","ping_status":"open","sticky":false,"template":"","format":"standard","meta":{"colormag_page_container_layout":"default_layout","colormag_page_sidebar_layout":"default_layout","footnotes":""},"categories":[10],"tags":[545,595,654,836,837,838],"class_list":["post-9586","post","type-post","status-publish","format-standard","has-post-thumbnail","hentry","category-noticias","tag-auxilio","tag-auxilio-emergencial","tag-emergencial","tag-saque","tag-saque-auxilio-emergencial","tag-trabalhadores"],"aioseo_notices":[],"_links":{"self":[{"href":"https:\/\/portalr3.online\/index.php\/wp-json\/wp\/v2\/posts\/9586","targetHints":{"allow":["GET"]}}],"collection":[{"href":"https:\/\/portalr3.online\/index.php\/wp-json\/wp\/v2\/posts"}],"about":[{"href":"https:\/\/portalr3.online\/index.php\/wp-json\/wp\/v2\/types\/post"}],"author":[{"embeddable":true,"href":"https:\/\/portalr3.online\/index.php\/wp-json\/wp\/v2\/users\/1"}],"replies":[{"embeddable":true,"href":"https:\/\/portalr3.online\/index.php\/wp-json\/wp\/v2\/comments?post=9586"}],"version-history":[{"count":0,"href":"https:\/\/portalr3.online\/index.php\/wp-json\/wp\/v2\/posts\/9586\/revisions"}],"wp:featuredmedia":[{"embeddable":true,"href":"https:\/\/portalr3.online\/index.php\/wp-json\/"}],"wp:attachment":[{"href":"https:\/\/portalr3.online\/index.php\/wp-json\/wp\/v2\/media?parent=9586"}],"wp:term":[{"taxonomy":"category","embeddable":true,"href":"https:\/\/portalr3.online\/index.php\/wp-json\/wp\/v2\/categories?post=9586"},{"taxonomy":"post_tag","embeddable":true,"href":"https:\/\/portalr3.online\/index.php\/wp-json\/wp\/v2\/tags?post=9586"}],"curies":[{"name":"wp","href":"https:\/\/api.w.org\/{rel}","templated":true}]}}