{"id":9583,"date":"2021-07-06T10:58:51","date_gmt":"2021-07-06T13:58:51","guid":{"rendered":"https:\/\/portalnarede.com.br\/?p=9583"},"modified":"2021-07-06T10:58:51","modified_gmt":"2021-07-06T13:58:51","slug":"prefeitura-de-maceio-amplia-imunizacao-contra-a-influenza-vacinacao-deve-seguir-ate-o-fim-do-estoque","status":"publish","type":"post","link":"https:\/\/portalr3.online\/index.php\/2021\/07\/06\/prefeitura-de-maceio-amplia-imunizacao-contra-a-influenza-vacinacao-deve-seguir-ate-o-fim-do-estoque\/","title":{"rendered":"Prefeitura de Macei\u00f3 amplia imuniza\u00e7\u00e3o contra a Influenza; vacina\u00e7\u00e3o deve seguir at\u00e9 o fim do estoque"},"content":{"rendered":"\n<p><em>Imagem: Carla Cleto<\/em><\/p>\n\n\n\n<p><em>*Com informa\u00e7\u00f5es SECOM<\/em><\/p>\n\n\n\n<p>A Prefeitura de Macei\u00f3 ampliou, nessa segunda-feira (06), a vacina\u00e7\u00e3o contra a Influenza no munic\u00edpio. Agora, toda a popula\u00e7\u00e3o da capital alagoana a partir dos seis meses de idade poder\u00e1 receber o imunizante. A campanha foi prorrogada e deve seguir at\u00e9 o fim do estoque.<\/p>\n\n\n\n<p>A amplia\u00e7\u00e3o segue a recomenda\u00e7\u00e3o do Minist\u00e9rio da Sa\u00fade.<\/p>\n\n\n\n<p>Em Macei\u00f3, a vacina\u00e7\u00e3o ocorre, das 8h \u00e0s 16h, em 53 <a href=\"http:\/\/www.maceio.al.gov.br\/wp-content\/uploads\/2021\/07\/pdf\/2021\/07\/Unidades-B%C3%A1sicas-de-Sa%C3%BAde-Campanha-contra-a-Influenza-2021.pdf\" target=\"_blank\" rel=\"noreferrer noopener\">Unidades de Sa\u00fade<\/a>. Ou, das 9h \u00e0s 16h, no estacionamento da Feirinha do Artesanato, no Mercado da Produ\u00e7\u00e3o; na Feirinha do Tabuleiro e no Centro da cidade, pr\u00f3ximo a Igreja do Livramento. Nos shoppings P\u00e1tio, Macei\u00f3 e Parque, a imuniza\u00e7\u00e3o se d\u00e1 todos os dias, das 14h \u00e0s 20h.<\/p>\n\n\n\n<p>At\u00e9 o momento, 135.217 doses foram aplicadas em Macei\u00f3, o que corresponde a uma cobertura de 44,37%.<\/p>\n\n\n\n<p><\/p>\n\n\n\n<p><em>*Estagi\u00e1rio sob supervis\u00e3o<\/em><\/p>\n","protected":false},"excerpt":{"rendered":"<p>Imagem: Carla Cleto *Com informa\u00e7\u00f5es SECOM A Prefeitura de Macei\u00f3 ampliou, nessa segunda-feira (06), a vacina\u00e7\u00e3o contra a Influenza no<\/p>\n","protected":false},"author":1,"featured_media":6789,"comment_status":"open","ping_status":"open","sticky":false,"template":"","format":"standard","meta":{"colormag_page_container_layout":"default_layout","colormag_page_sidebar_layout":"default_layout","footnotes":""},"categories":[10],"tags":[267,224,37,141,835],"class_list":["post-9583","post","type-post","status-publish","format-standard","has-post-thumbnail","hentry","category-noticias","tag-imunizacao","tag-influenza","tag-maceio","tag-prefeitura-de-maceio","tag-vacinacao-influenza"],"aioseo_notices":[],"_links":{"self":[{"href":"https:\/\/portalr3.online\/index.php\/wp-json\/wp\/v2\/posts\/9583","targetHints":{"allow":["GET"]}}],"collection":[{"href":"https:\/\/portalr3.online\/index.php\/wp-json\/wp\/v2\/posts"}],"about":[{"href":"https:\/\/portalr3.online\/index.php\/wp-json\/wp\/v2\/types\/post"}],"author":[{"embeddable":true,"href":"https:\/\/portalr3.online\/index.php\/wp-json\/wp\/v2\/users\/1"}],"replies":[{"embeddable":true,"href":"https:\/\/portalr3.online\/index.php\/wp-json\/wp\/v2\/comments?post=9583"}],"version-history":[{"count":0,"href":"https:\/\/portalr3.online\/index.php\/wp-json\/wp\/v2\/posts\/9583\/revisions"}],"wp:featuredmedia":[{"embeddable":true,"href":"https:\/\/portalr3.online\/index.php\/wp-json\/wp\/v2\/media\/6789"}],"wp:attachment":[{"href":"https:\/\/portalr3.online\/index.php\/wp-json\/wp\/v2\/media?parent=9583"}],"wp:term":[{"taxonomy":"category","embeddable":true,"href":"https:\/\/portalr3.online\/index.php\/wp-json\/wp\/v2\/categories?post=9583"},{"taxonomy":"post_tag","embeddable":true,"href":"https:\/\/portalr3.online\/index.php\/wp-json\/wp\/v2\/tags?post=9583"}],"curies":[{"name":"wp","href":"https:\/\/api.w.org\/{rel}","templated":true}]}}