{"id":9578,"date":"2021-07-06T10:08:22","date_gmt":"2021-07-06T13:08:22","guid":{"rendered":"https:\/\/portalnarede.com.br\/?p=9578"},"modified":"2021-07-06T10:08:22","modified_gmt":"2021-07-06T13:08:22","slug":"papa-esta-caminhando-e-se-alimentando-diz-vaticano","status":"publish","type":"post","link":"https:\/\/portalr3.online\/index.php\/2021\/07\/06\/papa-esta-caminhando-e-se-alimentando-diz-vaticano\/","title":{"rendered":"Papa est\u00e1 caminhando e se alimentando, diz Vaticano"},"content":{"rendered":"\n<p><strong><em>Exames feitos ap\u00f3s cirurgia t\u00eam bons resultados<\/em><\/strong><\/p>\n\n\n\n<p><em>Fonte: Ag\u00eancia Brasil<\/em><\/p>\n\n\n\n<p>A recupera\u00e7\u00e3o do papa Francisco, ap\u00f3s passar por uma cirurgia intestinal, est\u00e1 ocorrendo normalmente. Ele dormiu bem e caminhou, informou o Vaticano nesta ter\u00e7a-feira (6).<img decoding=\"async\" src=\"https:\/\/agenciabrasil.ebc.com.br\/ebc.png?id=1414778&amp;o=node\"><img decoding=\"async\" src=\"https:\/\/agenciabrasil.ebc.com.br\/ebc.gif?id=1414778&amp;o=node\"><\/p>\n\n\n\n<p>Os resultados dos exames de rotina foram bons, disse o porta-voz do Vaticano Matteo Bruni.<\/p>\n\n\n\n<p>Ele afirmou, em comunicado, que o papa tamb\u00e9m tomou caf\u00e9 da manh\u00e3 e leu v\u00e1rios jornais.<\/p>\n\n\n\n<p>O pont\u00edfice, de 84 anos, passou por uma opera\u00e7\u00e3o que durou tr\u00eas horas, na noite de domingo (4), para remover parte do&nbsp;c\u00f3lon. Ele deve permanecer internado no hospital Gemelli, em Roma, por sete dias, caso n\u00e3o ocorram complica\u00e7\u00f5es.<\/p>\n","protected":false},"excerpt":{"rendered":"<p>Exames feitos ap\u00f3s cirurgia t\u00eam bons resultados Fonte: Ag\u00eancia Brasil A recupera\u00e7\u00e3o do papa Francisco, ap\u00f3s passar por uma cirurgia<\/p>\n","protected":false},"author":1,"featured_media":9579,"comment_status":"open","ping_status":"open","sticky":false,"template":"","format":"standard","meta":{"colormag_page_container_layout":"default_layout","colormag_page_sidebar_layout":"default_layout","footnotes":""},"categories":[743],"tags":[832,833],"class_list":["post-9578","post","type-post","status-publish","format-standard","has-post-thumbnail","hentry","category-mundo","tag-papa","tag-vaticano"],"aioseo_notices":[],"_links":{"self":[{"href":"https:\/\/portalr3.online\/index.php\/wp-json\/wp\/v2\/posts\/9578","targetHints":{"allow":["GET"]}}],"collection":[{"href":"https:\/\/portalr3.online\/index.php\/wp-json\/wp\/v2\/posts"}],"about":[{"href":"https:\/\/portalr3.online\/index.php\/wp-json\/wp\/v2\/types\/post"}],"author":[{"embeddable":true,"href":"https:\/\/portalr3.online\/index.php\/wp-json\/wp\/v2\/users\/1"}],"replies":[{"embeddable":true,"href":"https:\/\/portalr3.online\/index.php\/wp-json\/wp\/v2\/comments?post=9578"}],"version-history":[{"count":0,"href":"https:\/\/portalr3.online\/index.php\/wp-json\/wp\/v2\/posts\/9578\/revisions"}],"wp:featuredmedia":[{"embeddable":true,"href":"https:\/\/portalr3.online\/index.php\/wp-json\/wp\/v2\/media\/9579"}],"wp:attachment":[{"href":"https:\/\/portalr3.online\/index.php\/wp-json\/wp\/v2\/media?parent=9578"}],"wp:term":[{"taxonomy":"category","embeddable":true,"href":"https:\/\/portalr3.online\/index.php\/wp-json\/wp\/v2\/categories?post=9578"},{"taxonomy":"post_tag","embeddable":true,"href":"https:\/\/portalr3.online\/index.php\/wp-json\/wp\/v2\/tags?post=9578"}],"curies":[{"name":"wp","href":"https:\/\/api.w.org\/{rel}","templated":true}]}}