{"id":9576,"date":"2021-07-06T08:55:19","date_gmt":"2021-07-06T11:55:19","guid":{"rendered":"https:\/\/portalnarede.com.br\/?p=9576"},"modified":"2021-07-06T08:55:19","modified_gmt":"2021-07-06T11:55:19","slug":"covid-19-onibus-da-vacina-estara-em-dois-bairros-de-maceio-nesta-terca-feira-6-saiba-quais","status":"publish","type":"post","link":"https:\/\/portalr3.online\/index.php\/2021\/07\/06\/covid-19-onibus-da-vacina-estara-em-dois-bairros-de-maceio-nesta-terca-feira-6-saiba-quais\/","title":{"rendered":"Covid-19: \u00d4nibus da Vacina estar\u00e1 em dois bairros de Macei\u00f3 nesta ter\u00e7a-feira (6); saiba quais"},"content":{"rendered":"\n<p><em>Imagem: Edvan Ferreira<\/em><\/p>\n\n\n\n<p><em>*estagi\u00e1rio sob supervis\u00e3o<\/em><\/p>\n\n\n\n<p>O \u00d4nibus da Vacina estar\u00e1, nesta ter\u00e7a-feira (06), em dois bairros da capital alagoana. Durante o per\u00edodo da manh\u00e3, ele ficar\u00e1 no bairro de Fern\u00e3o Velho. E, das 13h \u00e0s 16h, a unidade m\u00f3vel estar\u00e1 estacionada no bairro de Rio Novo. No ve\u00edculo, as pessoas com 38 anos ou mais poder\u00e3o ser imunizadas contra a Covid-19.<\/p>\n\n\n\n<p>A unidade m\u00f3vel, no bairro de Fern\u00e3o Velho, estar\u00e1 estacionada em frente \u00e0 antiga F\u00e1brica de Tecidos, das 9h \u00e0s 12h. J\u00e1 no bairro de Rio Novo, o \u00d4nibus ficar\u00e1 na Rua Padre C\u00edcero, das 13h \u00e0s 16h.<\/p>\n\n\n\n<p>Al\u00e9m da unidade m\u00f3vel, os indiv\u00edduos a partir de 38 anos de idade podem comparecer a um dos outros 16 <a href=\"https:\/\/vacina.maceio.al.gov.br\/#pontos-de-vacinacao\" target=\"_blank\" rel=\"noreferrer noopener\">pontos de vacina\u00e7\u00e3o<\/a> espalhados por toda Macei\u00f3, portando documento com foto e comprovante de resid\u00eancia.<\/p>\n\n\n\n<p>Segundo o site <a href=\"https:\/\/vacina.maceio.al.gov.br\/#vacinometro\" target=\"_blank\" rel=\"noreferrer noopener\">Vacina Macei\u00f3<\/a>, at\u00e9 essa segunda-feira (05), 540.788 mil doses foram aplicadas na capital alagoana.<\/p>\n","protected":false},"excerpt":{"rendered":"<p>Imagem: Edvan Ferreira *estagi\u00e1rio sob supervis\u00e3o O \u00d4nibus da Vacina estar\u00e1, nesta ter\u00e7a-feira (06), em dois bairros da capital alagoana.<\/p>\n","protected":false},"author":1,"featured_media":9385,"comment_status":"open","ping_status":"open","sticky":false,"template":"","format":"standard","meta":{"colormag_page_container_layout":"default_layout","colormag_page_sidebar_layout":"default_layout","footnotes":""},"categories":[10],"tags":[82,827,267,37,734,90,828,52],"class_list":["post-9576","post","type-post","status-publish","format-standard","has-post-thumbnail","hentry","category-noticias","tag-covid-19","tag-fernao-velho","tag-imunizacao","tag-maceio","tag-onibus-da-vacina","tag-rio-novo","tag-unidade-movel","tag-vacinacao"],"aioseo_notices":[],"_links":{"self":[{"href":"https:\/\/portalr3.online\/index.php\/wp-json\/wp\/v2\/posts\/9576","targetHints":{"allow":["GET"]}}],"collection":[{"href":"https:\/\/portalr3.online\/index.php\/wp-json\/wp\/v2\/posts"}],"about":[{"href":"https:\/\/portalr3.online\/index.php\/wp-json\/wp\/v2\/types\/post"}],"author":[{"embeddable":true,"href":"https:\/\/portalr3.online\/index.php\/wp-json\/wp\/v2\/users\/1"}],"replies":[{"embeddable":true,"href":"https:\/\/portalr3.online\/index.php\/wp-json\/wp\/v2\/comments?post=9576"}],"version-history":[{"count":0,"href":"https:\/\/portalr3.online\/index.php\/wp-json\/wp\/v2\/posts\/9576\/revisions"}],"wp:featuredmedia":[{"embeddable":true,"href":"https:\/\/portalr3.online\/index.php\/wp-json\/wp\/v2\/media\/9385"}],"wp:attachment":[{"href":"https:\/\/portalr3.online\/index.php\/wp-json\/wp\/v2\/media?parent=9576"}],"wp:term":[{"taxonomy":"category","embeddable":true,"href":"https:\/\/portalr3.online\/index.php\/wp-json\/wp\/v2\/categories?post=9576"},{"taxonomy":"post_tag","embeddable":true,"href":"https:\/\/portalr3.online\/index.php\/wp-json\/wp\/v2\/tags?post=9576"}],"curies":[{"name":"wp","href":"https:\/\/api.w.org\/{rel}","templated":true}]}}