{"id":9554,"date":"2021-07-05T15:58:29","date_gmt":"2021-07-05T18:58:29","guid":{"rendered":"https:\/\/portalnarede.com.br\/?p=9554"},"modified":"2021-07-05T15:58:29","modified_gmt":"2021-07-05T18:58:29","slug":"empresarios-do-ramo-de-agua-mineral-denunciam-ao-procurador-geral-de-justica-irregularidades-no-setor","status":"publish","type":"post","link":"https:\/\/portalr3.online\/index.php\/2021\/07\/05\/empresarios-do-ramo-de-agua-mineral-denunciam-ao-procurador-geral-de-justica-irregularidades-no-setor\/","title":{"rendered":"Empres\u00e1rios do ramo de \u00e1gua mineral denunciam ao procurador-geral de Justi\u00e7a irregularidades no setor"},"content":{"rendered":"\n<p><em>*Com informa\u00e7\u00f5es: assessoria <\/em><\/p>\n\n\n\n<p>O procurador-geral de Justi\u00e7a, M\u00e1rcio Roberto Ten\u00f3rio de Albuquerque, recebeu, nesta segunda-feira (5), propriet\u00e1rios de empresas de \u00e1gua mineral em Alagoas que, acompanhados pelo presidente do Sindicato&nbsp;da Ind\u00fastria de Engarrafamento de \u00c1gua Mineral do Estado de Alagoas&nbsp;(Sind\u00e1gua-AL), Davi Pontes, levaram den\u00fancias sobre diversas irregularidades constatadas, do tratamento \u00e0 acomoda\u00e7\u00e3o do produto, colocando em risco a sa\u00fade do consumidor. Eles chamaram a aten\u00e7\u00e3o para dois tipos de \u00e1gua que est\u00e3o sendo comercializados, um deles sem adi\u00e7\u00e3o de sais e sem ser submetido a an\u00e1lise por&nbsp;um&nbsp;engenheiro&nbsp;qu\u00edmico ou de minas. Outro assunto discutido foi a confec\u00e7\u00e3o dos garraf\u00f5es de forma recicl\u00e1vel, o que \u00e9 proibido pela legisla\u00e7\u00e3o.<\/p>\n\n\n\n<p>Ao chefe do Minist\u00e9rio P\u00fablico,&nbsp;M\u00e1rcio&nbsp;Roberto,&nbsp;a comiss\u00e3o formada por empres\u00e1rios garante que a popula\u00e7\u00e3o alagoana tem sido enganada, comprando \u00e1gua sem que passe pelo processamento exigido pela vigil\u00e2ncia sanit\u00e1ria.<\/p>\n\n\n\n<p>\u201cH\u00e1 empresas coletando \u00e1gua e engarrafando diretamente do solo sem os cuidados necess\u00e1rios para garantir a sa\u00fade da popula\u00e7\u00e3o. Vendem como mineral quando n\u00e3o t\u00eam os equipamentos necess\u00e1rios exigidos pela vigil\u00e2ncia e n\u00e3o colocam os sais, o custo \u00e9 menor, mas h\u00e1 o risco. \u00c9 um barato que sai caro.&nbsp;A \u00e1gua para ser vendida como mineral deve passar por um processo grande, por profissionais competentes, e recebendo o que \u00e9 obrigat\u00f3rio. A popula\u00e7\u00e3o est\u00e1 sendo enganada\u201d, afirma o presidente do Sind\u00e1gua, Davi Pontes.<\/p>\n\n\n\n<p>O empres\u00e1rio&nbsp;Jos\u00e9 In\u00e1cio, da \u00e1gua mineral \u2018\u00e9 Leve\u2019 foi quem tomou a iniciativa para o agendamento da reuni\u00e3o e se mostrou bastante receoso.<\/p>\n\n\n\n<p>\u201cH\u00e1 uma preocupa\u00e7\u00e3o permanente no tocante ao que temos constatado e \u00e9 preciso que sejam encontradas solu\u00e7\u00f5es. N\u00f3s, que trabalhamos corretamente, investimos na contrata\u00e7\u00e3o de profissionais t\u00e9cnicos, especialistas, compramos maquin\u00e1rio indispens\u00e1vel para garantir o fornecimento de uma \u00e1gua de fato mineral e estamos acompanhando no mercado \u00e1guas sem o menor tratamento,&nbsp;garraf\u00f5es sem sanitiza\u00e7\u00e3o,&nbsp;numa concorr\u00eancia injusta que n\u00e3o prejudica somente os empres\u00e1rios, mas diretamente a sa\u00fade dos consumidores\u201d, declara In\u00e1cio.<\/p>\n\n\n\n<p>J\u00e1&nbsp;Normando Monteiro, da \u00e1gua mineral \u2018Frascalli\u2019, ressaltou que essa preocupa\u00e7\u00e3o \u00e9 antiga, inclusive j\u00e1 houve coleta e envio de algumas \u00e1guas sem tratamento adequado \u00e0 Vigil\u00e2ncia Sanit\u00e1ria Estadual com laudo de reprova\u00e7\u00e3o.&nbsp;Segundo ele, houve a comprova\u00e7\u00e3o de que os sais n\u00e3o eram adicionados.<\/p>\n\n\n\n<p>M\u00e1rcio Roberto, ap\u00f3s ouvir os depoimentos,&nbsp;enfatizou que a institui\u00e7\u00e3o tem como principais obriga\u00e7\u00f5es as fiscaliza\u00e7\u00f5es, de modo geral, sempre em defesa da coletividade.<\/p>\n\n\n\n<p>\u201c\u00c9 nosso dever agir em qualquer \u00e1rea e combatendo il\u00edcitos que afetem a comunidade. Ciente das den\u00fancias dos senhores, convocarei os promotores de Justi\u00e7a da Sa\u00fade P\u00fablica, tamb\u00e9m da Defesa do Consumidor, para que discutamos a demanda e, consequentemente, possamos acionar os \u00f3rg\u00e3os competentes, estaduais e municipal, para uma reuni\u00e3o e tentemos chegar \u00e0 solu\u00e7\u00e3o do problema. O que n\u00e3o podemos \u00e9 permitir que a popula\u00e7\u00e3o seja v\u00edtima de irresponsabilidades, ainda mais correndo o risco de ter a sa\u00fade afetada\u201d, afirma o procurador-geral de Justi\u00e7a.<\/p>\n\n\n\n<p>Al\u00e9m dos problemas em rela\u00e7\u00e3o ao tratamento inadequado da \u00e1gua, a comiss\u00e3o apresentou outro agravante, a acomoda\u00e7\u00e3o em recipientes reciclados. Os empres\u00e1rios levaram \u00e0 reuni\u00e3o o fabricante dos garraf\u00f5es que explicou os riscos aos quais o consumidor \u00e9 submetido, podendo levar a problemas de sa\u00fade graves.<\/p>\n\n\n\n<p>Reciclagem<\/p>\n\n\n\n<p>De acordo com Marcos Sampaio, fabricante de garraf\u00f5es para empresas de Alagoas e outros estados, \u00e9 proibido, por lei, a reciclagem, mas muitas empresas t\u00eam adotado esse m\u00e9todo embora irregular.<\/p>\n\n\n\n<p>\u201c\u00c9 preciso que a popula\u00e7\u00e3o saiba do risco que corre, muitas vezes os botij\u00f5es v\u00eam de outros estados, com ratos ou urina de ratos dentro e eles n\u00e3o limpam para moer e aproveitar o material para fazer outros, passam na m\u00e1quina de reciclagem do jeito que chegam e quando os novos garraf\u00f5es s\u00e3o produzidos, feitos com os antigos, as bact\u00e9rias s\u00e3o absorvidas no pl\u00e1stico e, evidentemente, misturam-se&nbsp;na \u00e1gua que neles \u00e9 armazenada\u201d.&nbsp;O empres\u00e1rio afirma que o pl\u00e1stico absorve o material que \u00e9 mo\u00eddo junto com ele.<\/p>\n\n\n\n<p>Finalizando, o procurador-geral de Justi\u00e7a&nbsp;reconheceu o setor como de import\u00e2ncia para a sociedade e pediu que fizessem uma&nbsp;representa\u00e7\u00e3o&nbsp;com encaminhamento ao gabinete para que seja feita a an\u00e1lise pela assessoria t\u00e9cnica e, em seguida, adotadas as primeiras provid\u00eancias.&nbsp;O chefe ministerial sugeriu, tamb\u00e9m, que&nbsp;as empresas&nbsp;fizessem campanhas educativas para alertar a popula\u00e7\u00e3o.<\/p>\n","protected":false},"excerpt":{"rendered":"<p>*Com informa\u00e7\u00f5es: assessoria O procurador-geral de Justi\u00e7a, M\u00e1rcio Roberto Ten\u00f3rio de Albuquerque, recebeu, nesta segunda-feira (5), propriet\u00e1rios de empresas de<\/p>\n","protected":false},"author":1,"featured_media":9555,"comment_status":"open","ping_status":"open","sticky":false,"template":"","format":"standard","meta":{"colormag_page_container_layout":"default_layout","colormag_page_sidebar_layout":"default_layout","footnotes":""},"categories":[10],"tags":[824],"class_list":["post-9554","post","type-post","status-publish","format-standard","has-post-thumbnail","hentry","category-noticias","tag-agua-mineral"],"aioseo_notices":[],"_links":{"self":[{"href":"https:\/\/portalr3.online\/index.php\/wp-json\/wp\/v2\/posts\/9554","targetHints":{"allow":["GET"]}}],"collection":[{"href":"https:\/\/portalr3.online\/index.php\/wp-json\/wp\/v2\/posts"}],"about":[{"href":"https:\/\/portalr3.online\/index.php\/wp-json\/wp\/v2\/types\/post"}],"author":[{"embeddable":true,"href":"https:\/\/portalr3.online\/index.php\/wp-json\/wp\/v2\/users\/1"}],"replies":[{"embeddable":true,"href":"https:\/\/portalr3.online\/index.php\/wp-json\/wp\/v2\/comments?post=9554"}],"version-history":[{"count":0,"href":"https:\/\/portalr3.online\/index.php\/wp-json\/wp\/v2\/posts\/9554\/revisions"}],"wp:featuredmedia":[{"embeddable":true,"href":"https:\/\/portalr3.online\/index.php\/wp-json\/wp\/v2\/media\/9555"}],"wp:attachment":[{"href":"https:\/\/portalr3.online\/index.php\/wp-json\/wp\/v2\/media?parent=9554"}],"wp:term":[{"taxonomy":"category","embeddable":true,"href":"https:\/\/portalr3.online\/index.php\/wp-json\/wp\/v2\/categories?post=9554"},{"taxonomy":"post_tag","embeddable":true,"href":"https:\/\/portalr3.online\/index.php\/wp-json\/wp\/v2\/tags?post=9554"}],"curies":[{"name":"wp","href":"https:\/\/api.w.org\/{rel}","templated":true}]}}