{"id":9537,"date":"2021-07-05T11:22:48","date_gmt":"2021-07-05T14:22:48","guid":{"rendered":"https:\/\/portalnarede.com.br\/?p=9537"},"modified":"2021-07-05T11:22:48","modified_gmt":"2021-07-05T14:22:48","slug":"jhc-anuncia-inclusao-de-novas-faixas-etarias-no-programa-de-imunizacao-contra-a-covid-19-e-novo-corujao-da-vacina","status":"publish","type":"post","link":"https:\/\/portalr3.online\/index.php\/2021\/07\/05\/jhc-anuncia-inclusao-de-novas-faixas-etarias-no-programa-de-imunizacao-contra-a-covid-19-e-novo-corujao-da-vacina\/","title":{"rendered":"JHC anuncia inclus\u00e3o de novas faixas et\u00e1rias no programa de imuniza\u00e7\u00e3o contra a Covid-19 e novo &#8220;Coruj\u00e3o da Vacina&#8221;"},"content":{"rendered":"\n<p><em>Imagem: Assessoria<\/em><\/p>\n\n\n\n<p><em>*Jo\u00e3o Pedro Magnani &#8211; estagi\u00e1rio sob supervis\u00e3o<\/em><\/p>\n\n\n\n<p>O prefeito de Macei\u00f3, JHC, anunciou, na manh\u00e3 desta segunda-feira (05), a inclus\u00e3o de novas faixas et\u00e1rias no programa de imuniza\u00e7\u00e3o contra a Covid-19 do munic\u00edpio. De acordo com uma publica\u00e7\u00e3o em uma de suas redes sociais, ele informou que a partir das 13h de hoje as pessoas com 39 anos ou mais poder\u00e3o ser vacinadas. E, at\u00e9 quarta-feira (07), os indiv\u00edduos com 37 anos ou mais tamb\u00e9m receberam os imunizantes.<\/p>\n\n\n\n<p>O prefeito da capital alagoana tamb\u00e9m comunicou a realiza\u00e7\u00e3o de mais um \u201cCoruj\u00e3o da Vacina\u201d nos drive-thrus e nos shoppings at\u00e9 \u00e0s 21h.<\/p>\n\n\n\n<p>Segundo JHC, hoje, os indiv\u00edduos com 39 anos poder\u00e3o ser imunizados a partir das 13h. Nessa ter\u00e7a-feira (06), ser\u00e1 a vez das pessoas com 38 anos ou mais. E, na quarta-feira (07), cidad\u00e3os com 37 anos devem comparecer aos pontos de vacina\u00e7\u00e3o. &nbsp;<\/p>\n\n\n\n<p>O indiv\u00edduo que estiver dentro da faixa et\u00e1ria do programa de vacina\u00e7\u00e3o deve comparecer a um dos <a href=\"https:\/\/vacina.maceio.al.gov.br\/#pontos-de-vacinacao\" target=\"_blank\" rel=\"noreferrer noopener\">pontos de imuniza\u00e7\u00e3o<\/a>, portando documento com foto e comprovante de resid\u00eancia.<\/p>\n\n\n\n<p>At\u00e9 esse domingo (04), 532.437 mil vacinas contra a Covid-19 foram aplicadas na capital alagoana. &nbsp;&nbsp;<\/p>\n","protected":false},"excerpt":{"rendered":"<p>Imagem: Assessoria *Jo\u00e3o Pedro Magnani &#8211; estagi\u00e1rio sob supervis\u00e3o O prefeito de Macei\u00f3, JHC, anunciou, na manh\u00e3 desta segunda-feira (05),<\/p>\n","protected":false},"author":1,"featured_media":9295,"comment_status":"open","ping_status":"open","sticky":false,"template":"","format":"standard","meta":{"colormag_page_container_layout":"default_layout","colormag_page_sidebar_layout":"default_layout","footnotes":""},"categories":[10],"tags":[82,267,140,141,735],"class_list":["post-9537","post","type-post","status-publish","format-standard","has-post-thumbnail","hentry","category-noticias","tag-covid-19","tag-imunizacao","tag-jhc","tag-prefeitura-de-maceio","tag-vacina-covid"],"aioseo_notices":[],"_links":{"self":[{"href":"https:\/\/portalr3.online\/index.php\/wp-json\/wp\/v2\/posts\/9537","targetHints":{"allow":["GET"]}}],"collection":[{"href":"https:\/\/portalr3.online\/index.php\/wp-json\/wp\/v2\/posts"}],"about":[{"href":"https:\/\/portalr3.online\/index.php\/wp-json\/wp\/v2\/types\/post"}],"author":[{"embeddable":true,"href":"https:\/\/portalr3.online\/index.php\/wp-json\/wp\/v2\/users\/1"}],"replies":[{"embeddable":true,"href":"https:\/\/portalr3.online\/index.php\/wp-json\/wp\/v2\/comments?post=9537"}],"version-history":[{"count":0,"href":"https:\/\/portalr3.online\/index.php\/wp-json\/wp\/v2\/posts\/9537\/revisions"}],"wp:featuredmedia":[{"embeddable":true,"href":"https:\/\/portalr3.online\/index.php\/wp-json\/"}],"wp:attachment":[{"href":"https:\/\/portalr3.online\/index.php\/wp-json\/wp\/v2\/media?parent=9537"}],"wp:term":[{"taxonomy":"category","embeddable":true,"href":"https:\/\/portalr3.online\/index.php\/wp-json\/wp\/v2\/categories?post=9537"},{"taxonomy":"post_tag","embeddable":true,"href":"https:\/\/portalr3.online\/index.php\/wp-json\/wp\/v2\/tags?post=9537"}],"curies":[{"name":"wp","href":"https:\/\/api.w.org\/{rel}","templated":true}]}}