{"id":9526,"date":"2021-07-05T10:03:26","date_gmt":"2021-07-05T13:03:26","guid":{"rendered":"https:\/\/portalnarede.com.br\/?p=9526"},"modified":"2021-07-05T10:03:26","modified_gmt":"2021-07-05T13:03:26","slug":"mulher-e-encontrada-morta-e-com-as-vestes-baixadas-proximo-ao-riacho-salgadinho","status":"publish","type":"post","link":"https:\/\/portalr3.online\/index.php\/2021\/07\/05\/mulher-e-encontrada-morta-e-com-as-vestes-baixadas-proximo-ao-riacho-salgadinho\/","title":{"rendered":"Mulher \u00e9 encontrada morta e com as vestes baixadas pr\u00f3ximo ao Riacho Salgadinho"},"content":{"rendered":"\n<p><em>Imagem: Assessoria<\/em><\/p>\n\n\n\n<p><em>*Jo\u00e3o Pedro Magnani &#8211; estagi\u00e1rio sob supervis\u00e3o<\/em><\/p>\n\n\n\n<p>Uma mulher foi encontrada morta, nesse domingo (04), em Macei\u00f3. Segundo os agentes do Batalh\u00e3o de Opera\u00e7\u00f5es Policiais Especiais (BOPE), que estiveram no local e constataram o fato, a v\u00edtima estava com as vestes baixadas e com hematomas na cabe\u00e7a. O caso se deu pr\u00f3ximo ao Riacho Salgadinho, no bairro do Po\u00e7o.<\/p>\n\n\n\n<p>A v\u00edtima, que n\u00e3o teve a identidade revelada, estava, aparentemente, em \u00f3bito no momento que os militares a encontraram.<\/p>\n\n\n\n<p>A guarni\u00e7\u00e3o policial, durante patrulhamento, tomou conhecimento da v\u00edtima ap\u00f3s ser informada por populares.<\/p>\n\n\n\n<p>Um equipe do Servi\u00e7o de Atendimento M\u00f3vel de Urg\u00eancia (SAMU) esteve no local e constatou o \u00f3bito. Al\u00e9m desta, o Instituto de Criminal\u00edstica (IC), Instituto M\u00e9dico Legal (IML) e da Delegacia de Homic\u00eddios se fizeram presentes.<\/p>\n","protected":false},"excerpt":{"rendered":"<p>Imagem: Assessoria *Jo\u00e3o Pedro Magnani &#8211; estagi\u00e1rio sob supervis\u00e3o Uma mulher foi encontrada morta, nesse domingo (04), em Macei\u00f3. Segundo<\/p>\n","protected":false},"author":1,"featured_media":862,"comment_status":"open","ping_status":"open","sticky":false,"template":"","format":"standard","meta":{"colormag_page_container_layout":"default_layout","colormag_page_sidebar_layout":"default_layout","footnotes":""},"categories":[10],"tags":[507,550,37],"class_list":["post-9526","post","type-post","status-publish","format-standard","has-post-thumbnail","hentry","category-noticias","tag-homicidio","tag-iml","tag-maceio"],"aioseo_notices":[],"_links":{"self":[{"href":"https:\/\/portalr3.online\/index.php\/wp-json\/wp\/v2\/posts\/9526","targetHints":{"allow":["GET"]}}],"collection":[{"href":"https:\/\/portalr3.online\/index.php\/wp-json\/wp\/v2\/posts"}],"about":[{"href":"https:\/\/portalr3.online\/index.php\/wp-json\/wp\/v2\/types\/post"}],"author":[{"embeddable":true,"href":"https:\/\/portalr3.online\/index.php\/wp-json\/wp\/v2\/users\/1"}],"replies":[{"embeddable":true,"href":"https:\/\/portalr3.online\/index.php\/wp-json\/wp\/v2\/comments?post=9526"}],"version-history":[{"count":0,"href":"https:\/\/portalr3.online\/index.php\/wp-json\/wp\/v2\/posts\/9526\/revisions"}],"wp:featuredmedia":[{"embeddable":true,"href":"https:\/\/portalr3.online\/index.php\/wp-json\/"}],"wp:attachment":[{"href":"https:\/\/portalr3.online\/index.php\/wp-json\/wp\/v2\/media?parent=9526"}],"wp:term":[{"taxonomy":"category","embeddable":true,"href":"https:\/\/portalr3.online\/index.php\/wp-json\/wp\/v2\/categories?post=9526"},{"taxonomy":"post_tag","embeddable":true,"href":"https:\/\/portalr3.online\/index.php\/wp-json\/wp\/v2\/tags?post=9526"}],"curies":[{"name":"wp","href":"https:\/\/api.w.org\/{rel}","templated":true}]}}