{"id":9509,"date":"2021-07-03T16:31:28","date_gmt":"2021-07-03T19:31:28","guid":{"rendered":"https:\/\/portalnarede.com.br\/?p=9509"},"modified":"2021-07-03T16:31:28","modified_gmt":"2021-07-03T19:31:28","slug":"instituto-de-identificacao-leva-caravana-meu-rg-na-mao-ao-sertao-alagoano","status":"publish","type":"post","link":"https:\/\/portalr3.online\/index.php\/2021\/07\/03\/instituto-de-identificacao-leva-caravana-meu-rg-na-mao-ao-sertao-alagoano\/","title":{"rendered":"Instituto de Identifica\u00e7\u00e3o leva caravana &#8220;Meu RG Na M\u00e3o&#8221; ao sert\u00e3o alagoano"},"content":{"rendered":"\n<p>Informa\u00e7\u00f5es e Foto: Ascom do Instituto de Identifica\u00e7\u00e3o<\/p>\n\n\n\n<p>A superintend\u00eancia do Instituto de Identifica\u00e7\u00e3o divulgou na manh\u00e3 deste s\u00e1bado (03), a agenda da Caravana &#8220;Meu RG na M\u00e3o&#8221; para esta segunda semana de julho. A equipe itinerante do \u00f3rg\u00e3o estar\u00e1 em dois munic\u00edpios do sert\u00e3o de Alagoas.\u00a0<\/p>\n\n\n\n<p>De acordo com o superintendente do Instituto, An\u00edzio Amorim, a caravana estar\u00e1 no munic\u00edpio de Mata Grande a partir desta segunda-feira (5) e ficar\u00e1 l\u00e1 at\u00e9 quarta-feira (7). O atendimento come\u00e7a a partir das 8 horas no Centro Educacional Diva Villar que fica ao lado do Gin\u00e1sio de Esportes da cidade.\u00a0<\/p>\n\n\n\n<p>J\u00e1 na quinta e sexta-feira, dias 08 e 09 de julho, ser\u00e1 a vez do munic\u00edpio de \u00c1gua Branca receber o projeto que leva cidadania para os munic\u00edpios alagoanos. A caravana ser\u00e1 instalada no Gin\u00e1sio Municipal de Esportes Coronel Ulisses Luna, no Centro da cidade.<\/p>\n\n\n\n<p>Para atender o maior n\u00famero de pessoas, durante os cinco dias da a\u00e7\u00e3o, o hor\u00e1rio de atendimento ser\u00e1 das 8 as 17 horas. Tamb\u00e9m ser\u00e3o respeitados todos os protocolos sanit\u00e1rios de controle sanit\u00e1rio e distanciamento social contra o COVID-19.<\/p>\n\n\n\n<p>O projeto tem o objetivo de emitir gratuitamente a primeira via da carteira de identidade. Tamb\u00e9m \u00e9 emitida a segunda via, s\u00f3 que o requerente ter\u00e1 que pagar uma taxa no valor de R$ 28,11 (vinte e oito reais e onze centavos).\u00a0<\/p>\n\n\n\n<p>Para requerer qualquer via, o solicitante solteiro dever\u00e1 apresentar obrigatoriamente a certid\u00e3o de nascimento e o comprovante de resid\u00eancia. Para os cidad\u00e3os casados, vi\u00favos, separados, ou divorciados, o requerente dever\u00e1 apresentar a certid\u00e3o de casamento.<\/p>\n\n\n\n<p>A caravana Meu Rg na M\u00e3o, \u00e9 um projeto do Governo do Estado, com apoio da Secretaria de Seguran\u00e7a P\u00fablica e da Per\u00edcia Oficial, criado em comemora\u00e7\u00e3o ao 100 anos do Instituto de identifica\u00e7\u00e3o.&nbsp; A a\u00e7\u00e3o busca levar o servi\u00e7o de emiss\u00e3o do RG para os alagoanos que residem em munic\u00edpios que n\u00e3o possui um posto do Instituto.<\/p>\n\n\n\n<p>\u201cCom esses dois munic\u00edpios do sert\u00e3o alagoano, estaremos atingindo a marca de nove edi\u00e7\u00f5es desse projeto que leva&nbsp;&nbsp;a emiss\u00e3o do RG para aqueles munic\u00edpios que n\u00e3o possuem um posto de identifica\u00e7\u00e3o. Dessa forma, estamos aproximando a popula\u00e7\u00e3o desses servi\u00e7os p\u00fablicos, pois a cidadania come\u00e7a com a carteira de identidade,\u201d afirmou An\u00edzio Amorim.<\/p>\n\n\n\n<h5 class=\"wp-block-heading\"><\/h5>\n","protected":false},"excerpt":{"rendered":"<p>Informa\u00e7\u00f5es e Foto: Ascom do Instituto de Identifica\u00e7\u00e3o A superintend\u00eancia do Instituto de Identifica\u00e7\u00e3o divulgou na manh\u00e3 deste s\u00e1bado (03),<\/p>\n","protected":false},"author":1,"featured_media":9510,"comment_status":"open","ping_status":"open","sticky":false,"template":"","format":"standard","meta":{"colormag_page_container_layout":"default_layout","colormag_page_sidebar_layout":"default_layout","footnotes":""},"categories":[10],"tags":[810],"class_list":["post-9509","post","type-post","status-publish","format-standard","has-post-thumbnail","hentry","category-noticias","tag-meu-rg-na-mao"],"aioseo_notices":[],"_links":{"self":[{"href":"https:\/\/portalr3.online\/index.php\/wp-json\/wp\/v2\/posts\/9509","targetHints":{"allow":["GET"]}}],"collection":[{"href":"https:\/\/portalr3.online\/index.php\/wp-json\/wp\/v2\/posts"}],"about":[{"href":"https:\/\/portalr3.online\/index.php\/wp-json\/wp\/v2\/types\/post"}],"author":[{"embeddable":true,"href":"https:\/\/portalr3.online\/index.php\/wp-json\/wp\/v2\/users\/1"}],"replies":[{"embeddable":true,"href":"https:\/\/portalr3.online\/index.php\/wp-json\/wp\/v2\/comments?post=9509"}],"version-history":[{"count":0,"href":"https:\/\/portalr3.online\/index.php\/wp-json\/wp\/v2\/posts\/9509\/revisions"}],"wp:featuredmedia":[{"embeddable":true,"href":"https:\/\/portalr3.online\/index.php\/wp-json\/wp\/v2\/media\/9510"}],"wp:attachment":[{"href":"https:\/\/portalr3.online\/index.php\/wp-json\/wp\/v2\/media?parent=9509"}],"wp:term":[{"taxonomy":"category","embeddable":true,"href":"https:\/\/portalr3.online\/index.php\/wp-json\/wp\/v2\/categories?post=9509"},{"taxonomy":"post_tag","embeddable":true,"href":"https:\/\/portalr3.online\/index.php\/wp-json\/wp\/v2\/tags?post=9509"}],"curies":[{"name":"wp","href":"https:\/\/api.w.org\/{rel}","templated":true}]}}