{"id":9500,"date":"2021-07-03T13:50:35","date_gmt":"2021-07-03T16:50:35","guid":{"rendered":"https:\/\/portalnarede.com.br\/?p=9500"},"modified":"2021-07-03T13:50:35","modified_gmt":"2021-07-03T16:50:35","slug":"colisao-entre-dois-veiculos-deixa-motociclista-ferido-na-jatiuca-em-maceio","status":"publish","type":"post","link":"https:\/\/portalr3.online\/index.php\/2021\/07\/03\/colisao-entre-dois-veiculos-deixa-motociclista-ferido-na-jatiuca-em-maceio\/","title":{"rendered":"Colis\u00e3o entre dois ve\u00edculos deixa motociclista ferido na Jati\u00faca, em Macei\u00f3"},"content":{"rendered":"\n<p>Foto: reprodu\u00e7\u00e3o<\/p>\n\n\n\n<p>O relat\u00f3rio do Centro Integrado de Opera\u00e7\u00f5es da Seguran\u00e7a P\u00fablica (Ciosp) informou uma colis\u00e3o envolvendo um carro e uma motocicleta na noite dessa sexta-feira (2), na Rua Empres\u00e1rio Carlos da Silva Nogueira, no bairro da Jati\u00faca, em Macei\u00f3.<\/p>\n\n\n\n<p>Segundo Ciosp, o condutor do carro de passeio, envolvido no acidente, apresentava sinais vis\u00edveis de embriaguez. O motociclista ferido tem 29 anos e foi socorrido pelo Corpo de Bombeiros para o Hospital Geral do Estado.<\/p>\n\n\n\n<p>A v\u00edtima estava com\u00a0ferimentos na cabe\u00e7a e suspeita de fratura em membro inferior direito.\u00a0J\u00e1 o condutor do autom\u00f3vel, de 30 anos, se recusou a fazer o teste do etil\u00f4metro. Os militares do 1\u00ba Batalh\u00e3o o conduziram o motorista para a Central de Flagrantes, onde ele foi autuado por embriaguez ao volante.<\/p>\n","protected":false},"excerpt":{"rendered":"<p>Foto: reprodu\u00e7\u00e3o O relat\u00f3rio do Centro Integrado de Opera\u00e7\u00f5es da Seguran\u00e7a P\u00fablica (Ciosp) informou uma colis\u00e3o envolvendo um carro e<\/p>\n","protected":false},"author":1,"featured_media":8776,"comment_status":"open","ping_status":"open","sticky":false,"template":"","format":"standard","meta":{"colormag_page_container_layout":"default_layout","colormag_page_sidebar_layout":"default_layout","footnotes":""},"categories":[10],"tags":[803,415],"class_list":["post-9500","post","type-post","status-publish","format-standard","has-post-thumbnail","hentry","category-noticias","tag-acidente-em-maceio","tag-colisao-entre-carro-e-moto"],"aioseo_notices":[],"_links":{"self":[{"href":"https:\/\/portalr3.online\/index.php\/wp-json\/wp\/v2\/posts\/9500","targetHints":{"allow":["GET"]}}],"collection":[{"href":"https:\/\/portalr3.online\/index.php\/wp-json\/wp\/v2\/posts"}],"about":[{"href":"https:\/\/portalr3.online\/index.php\/wp-json\/wp\/v2\/types\/post"}],"author":[{"embeddable":true,"href":"https:\/\/portalr3.online\/index.php\/wp-json\/wp\/v2\/users\/1"}],"replies":[{"embeddable":true,"href":"https:\/\/portalr3.online\/index.php\/wp-json\/wp\/v2\/comments?post=9500"}],"version-history":[{"count":0,"href":"https:\/\/portalr3.online\/index.php\/wp-json\/wp\/v2\/posts\/9500\/revisions"}],"wp:featuredmedia":[{"embeddable":true,"href":"https:\/\/portalr3.online\/index.php\/wp-json\/"}],"wp:attachment":[{"href":"https:\/\/portalr3.online\/index.php\/wp-json\/wp\/v2\/media?parent=9500"}],"wp:term":[{"taxonomy":"category","embeddable":true,"href":"https:\/\/portalr3.online\/index.php\/wp-json\/wp\/v2\/categories?post=9500"},{"taxonomy":"post_tag","embeddable":true,"href":"https:\/\/portalr3.online\/index.php\/wp-json\/wp\/v2\/tags?post=9500"}],"curies":[{"name":"wp","href":"https:\/\/api.w.org\/{rel}","templated":true}]}}