{"id":9494,"date":"2021-07-03T13:36:22","date_gmt":"2021-07-03T16:36:22","guid":{"rendered":"https:\/\/portalnarede.com.br\/?p=9494"},"modified":"2021-07-03T13:36:22","modified_gmt":"2021-07-03T16:36:22","slug":"manifestacoes-contra-bolsonaro-movimentam-as-ruas-de-maceio-mesmo-com-chuva-forte","status":"publish","type":"post","link":"https:\/\/portalr3.online\/index.php\/2021\/07\/03\/manifestacoes-contra-bolsonaro-movimentam-as-ruas-de-maceio-mesmo-com-chuva-forte\/","title":{"rendered":"Manifesta\u00e7\u00f5es contra Bolsonaro movimentam as ruas de Macei\u00f3, mesmo com chuva forte"},"content":{"rendered":"\n<p>Foto: Cortesia<\/p>\n\n\n\n<p>Manifestantes fizeram passeata pelo farol no sentido centro da cidade, segundando faixas, bandeiras e cartazes<\/p>\n\n\n\n<p>Maceioenses fazem ato pedindo o impeachment do presidente Jair Bolsonaro (sem partido), na manh\u00e3 deste s\u00e1bado (3), em Macei\u00f3. Popula\u00e7\u00e3o, membros do movimento de esquerda, pol\u00edticos e representantes de entidades da sociedade civil organizada foram as ruas para mostrar insatisfa\u00e7\u00e3o contra as medidas do atual governo.<\/p>\n\n\n\n<p>O protesto foi organizado atrav\u00e9s das redes sociais durante a semana e mesmo com o grande volume de chuva que castiga a capital neste fim de semana as pessoas n\u00e3o deixaram de participar.<\/p>\n\n\n\n<figure class=\"wp-block-image size-large\"><img loading=\"lazy\" decoding=\"async\" width=\"1024\" height=\"576\" src=\"https:\/\/portalnarede.com.br\/wp-content\/uploads\/2021\/07\/WhatsApp-Image-2021-07-03-at-12.07.36-1024x576.jpeg\" alt=\"\" class=\"wp-image-9496\" srcset=\"https:\/\/portalr3.online\/wp-content\/uploads\/2021\/07\/WhatsApp-Image-2021-07-03-at-12.07.36-1024x576.jpeg 1024w, https:\/\/portalr3.online\/wp-content\/uploads\/2021\/07\/WhatsApp-Image-2021-07-03-at-12.07.36-300x169.jpeg 300w, https:\/\/portalr3.online\/wp-content\/uploads\/2021\/07\/WhatsApp-Image-2021-07-03-at-12.07.36-768x432.jpeg 768w, https:\/\/portalr3.online\/wp-content\/uploads\/2021\/07\/WhatsApp-Image-2021-07-03-at-12.07.36.jpeg 1280w\" sizes=\"auto, (max-width: 1024px) 100vw, 1024px\" \/><figcaption>Foto: Cortesia<\/figcaption><\/figure>\n\n\n\n<p>Empunhando bandeiras, exibindo cartazes, faixas e com camisetas destacando mensagens contra o governo federal, os manifestantes se concentraram na Pra\u00e7a do Centen\u00e1rio, no bairro do Farol, e seguiram caminhando at\u00e9 o centro da capital alagoana. <\/p>\n\n\n\n<p>O ato pedia a sa\u00edda do presidente Bolsonaro, sob acusa\u00e7\u00e3o dele ser, segundo os manifestantes, o principal respons\u00e1vel pelas mais de 500 mil mortes por Covid-19 no Brasil.<\/p>\n\n\n\n<p>Os integrantes da passeata tamb\u00e9m destacaram a den\u00fancia de corrup\u00e7\u00e3o na compra de vacinas, citada na Comiss\u00e3o Parlamentar de Inqu\u00e9rito (CPI) da Pandemia no Senado Federal, que hoje \u00e9 alvo de investiga\u00e7\u00e3o por parte da Procuradoria Geral da Rep\u00fablica (PGR). <\/p>\n\n\n\n<p><\/p>\n","protected":false},"excerpt":{"rendered":"<p>Foto: Cortesia Manifestantes fizeram passeata pelo farol no sentido centro da cidade, segundando faixas, bandeiras e cartazes Maceioenses fazem ato<\/p>\n","protected":false},"author":1,"featured_media":9498,"comment_status":"open","ping_status":"open","sticky":false,"template":"","format":"standard","meta":{"colormag_page_container_layout":"default_layout","colormag_page_sidebar_layout":"default_layout","footnotes":""},"categories":[10],"tags":[799,800,801,802],"class_list":["post-9494","post","type-post","status-publish","format-standard","has-post-thumbnail","hentry","category-noticias","tag-ato-contra-bolsonaro","tag-bolsonaro","tag-investigacoes-bolsonaro","tag-saida-de-bolsonaro"],"aioseo_notices":[],"_links":{"self":[{"href":"https:\/\/portalr3.online\/index.php\/wp-json\/wp\/v2\/posts\/9494","targetHints":{"allow":["GET"]}}],"collection":[{"href":"https:\/\/portalr3.online\/index.php\/wp-json\/wp\/v2\/posts"}],"about":[{"href":"https:\/\/portalr3.online\/index.php\/wp-json\/wp\/v2\/types\/post"}],"author":[{"embeddable":true,"href":"https:\/\/portalr3.online\/index.php\/wp-json\/wp\/v2\/users\/1"}],"replies":[{"embeddable":true,"href":"https:\/\/portalr3.online\/index.php\/wp-json\/wp\/v2\/comments?post=9494"}],"version-history":[{"count":0,"href":"https:\/\/portalr3.online\/index.php\/wp-json\/wp\/v2\/posts\/9494\/revisions"}],"wp:featuredmedia":[{"embeddable":true,"href":"https:\/\/portalr3.online\/index.php\/wp-json\/wp\/v2\/media\/9498"}],"wp:attachment":[{"href":"https:\/\/portalr3.online\/index.php\/wp-json\/wp\/v2\/media?parent=9494"}],"wp:term":[{"taxonomy":"category","embeddable":true,"href":"https:\/\/portalr3.online\/index.php\/wp-json\/wp\/v2\/categories?post=9494"},{"taxonomy":"post_tag","embeddable":true,"href":"https:\/\/portalr3.online\/index.php\/wp-json\/wp\/v2\/tags?post=9494"}],"curies":[{"name":"wp","href":"https:\/\/api.w.org\/{rel}","templated":true}]}}