{"id":9461,"date":"2021-07-02T11:35:26","date_gmt":"2021-07-02T14:35:26","guid":{"rendered":"https:\/\/portalnarede.com.br\/?p=9461"},"modified":"2021-07-02T11:35:26","modified_gmt":"2021-07-02T14:35:26","slug":"covid-19-imunizacao-em-maceio-e-ampliada-e-prefeitura-promove-corujao-nesta-sexta-feira-02","status":"publish","type":"post","link":"https:\/\/portalr3.online\/index.php\/2021\/07\/02\/covid-19-imunizacao-em-maceio-e-ampliada-e-prefeitura-promove-corujao-nesta-sexta-feira-02\/","title":{"rendered":"Covid-19: Imuniza\u00e7\u00e3o em Macei\u00f3 \u00e9 ampliada e Prefeitura promove Coruj\u00e3o nesta sexta-feira (02)"},"content":{"rendered":"\n<p><em>Imagem: Edvan Ferreira <\/em><\/p>\n\n\n\n<p><em>*Jo\u00e3o Pedro Magnani &#8211; estagi\u00e1rio sob supervis\u00e3o<\/em><\/p>\n\n\n\n<p>O prefeitura de Macei\u00f3, informou, nesta sexta-feira (02), a amplia\u00e7\u00e3o da imuniza\u00e7\u00e3o contra a Covid-19. O prefeito do munic\u00edpio, JHC, comunicou que, a partir das 12h de hoje, as pessoas com 40 anos ou mais poder\u00e3o ser vacinadas nos Drive Thrus e nos outros pontos da capital alagoana.<\/p>\n\n\n\n<p>As pessoas inclu\u00eddas no novo grupo devem comparecer a um dos pontos de imuniza\u00e7\u00e3o portando: documento com foto e comprovante de resid\u00eancia.<\/p>\n\n\n\n<p>O prefeito tamb\u00e9m informou a realiza\u00e7\u00e3o de um \u201cCoruj\u00e3o da Vacina\u201d, que vai das 12h \u00e0s 21h desta sexta-feira nos Drive Thrus. Nos outros pontos, a imuniza\u00e7\u00e3o vai at\u00e9 \u00e0s 16h.<\/p>\n\n\n\n<p>O comunicado foi publicado nas redes sociais do prefeito de Macei\u00f3. Clique <a href=\"https:\/\/vacina.maceio.al.gov.br\/#pontos-de-vacinacao\" target=\"_blank\" rel=\"noreferrer noopener\">AQUI<\/a> e saiba onde recebe o imunizante.<\/p>\n","protected":false},"excerpt":{"rendered":"<p>Imagem: Edvan Ferreira *Jo\u00e3o Pedro Magnani &#8211; estagi\u00e1rio sob supervis\u00e3o O prefeitura de Macei\u00f3, informou, nesta sexta-feira (02), a amplia\u00e7\u00e3o<\/p>\n","protected":false},"author":1,"featured_media":9463,"comment_status":"open","ping_status":"open","sticky":false,"template":"","format":"standard","meta":{"colormag_page_container_layout":"default_layout","colormag_page_sidebar_layout":"default_layout","footnotes":""},"categories":[718],"tags":[784,82,267,140,141],"class_list":["post-9461","post","type-post","status-publish","format-standard","has-post-thumbnail","hentry","category-super","tag-corujao-da-vacina","tag-covid-19","tag-imunizacao","tag-jhc","tag-prefeitura-de-maceio"],"aioseo_notices":[],"_links":{"self":[{"href":"https:\/\/portalr3.online\/index.php\/wp-json\/wp\/v2\/posts\/9461","targetHints":{"allow":["GET"]}}],"collection":[{"href":"https:\/\/portalr3.online\/index.php\/wp-json\/wp\/v2\/posts"}],"about":[{"href":"https:\/\/portalr3.online\/index.php\/wp-json\/wp\/v2\/types\/post"}],"author":[{"embeddable":true,"href":"https:\/\/portalr3.online\/index.php\/wp-json\/wp\/v2\/users\/1"}],"replies":[{"embeddable":true,"href":"https:\/\/portalr3.online\/index.php\/wp-json\/wp\/v2\/comments?post=9461"}],"version-history":[{"count":0,"href":"https:\/\/portalr3.online\/index.php\/wp-json\/wp\/v2\/posts\/9461\/revisions"}],"wp:featuredmedia":[{"embeddable":true,"href":"https:\/\/portalr3.online\/index.php\/wp-json\/wp\/v2\/media\/9463"}],"wp:attachment":[{"href":"https:\/\/portalr3.online\/index.php\/wp-json\/wp\/v2\/media?parent=9461"}],"wp:term":[{"taxonomy":"category","embeddable":true,"href":"https:\/\/portalr3.online\/index.php\/wp-json\/wp\/v2\/categories?post=9461"},{"taxonomy":"post_tag","embeddable":true,"href":"https:\/\/portalr3.online\/index.php\/wp-json\/wp\/v2\/tags?post=9461"}],"curies":[{"name":"wp","href":"https:\/\/api.w.org\/{rel}","templated":true}]}}