{"id":9459,"date":"2021-07-02T11:10:48","date_gmt":"2021-07-02T14:10:48","guid":{"rendered":"https:\/\/portalnarede.com.br\/?p=9459"},"modified":"2021-07-02T11:10:48","modified_gmt":"2021-07-02T14:10:48","slug":"mulher-e-agredida-pelo-marido-na-frente-da-filha-de-2-anos-no-tabuleiro-dos-martins","status":"publish","type":"post","link":"https:\/\/portalr3.online\/index.php\/2021\/07\/02\/mulher-e-agredida-pelo-marido-na-frente-da-filha-de-2-anos-no-tabuleiro-dos-martins\/","title":{"rendered":"Mulher \u00e9 agredida pelo marido na frente da filha de 2 anos no Tabuleiro dos Martins"},"content":{"rendered":"\n<p><em>Imagem: Assessoria<\/em><\/p>\n\n\n\n<p><em>*Jo\u00e3o Pedro Magnani &#8211; estagi\u00e1rio sob supervis\u00e3o<\/em><\/p>\n\n\n\n<p>Um caso de viol\u00eancia contra a mulher foi registrado, nessa quinta-feira (01), em Macei\u00f3. A v\u00edtima afirmou que foi agredida pelo companheiro na frente da filha do casal. O caso se deu no bairro Tabuleiro dos Martins.<\/p>\n\n\n\n<p>O agressor foi encaminhado \u00e0 Delegacia Central de Flagrantes, no bairro do Pinheiro. Segundo os militares, ele precisou ser contido no momento da abordagem.<\/p>\n\n\n\n<p>De acordo com a guarni\u00e7\u00e3o policial, a v\u00edtima informou que foi agredido pelo esposo no frente da filha do casal, de 2 anos de idade.<\/p>\n\n\n\n<p>O suspeito, ap\u00f3s levado \u00e0 Delegacia, foi autuado por les\u00e3o corporal dolosa e teve fian\u00e7a atribu\u00edda no valor de 1 sal\u00e1rio m\u00ednimo.<\/p>\n","protected":false},"excerpt":{"rendered":"<p>Imagem: Assessoria *Jo\u00e3o Pedro Magnani &#8211; estagi\u00e1rio sob supervis\u00e3o Um caso de viol\u00eancia contra a mulher foi registrado, nessa quinta-feira<\/p>\n","protected":false},"author":1,"featured_media":4270,"comment_status":"open","ping_status":"open","sticky":false,"template":"","format":"standard","meta":{"colormag_page_container_layout":"default_layout","colormag_page_sidebar_layout":"default_layout","footnotes":""},"categories":[10],"tags":[37,782,726,783,702],"class_list":["post-9459","post","type-post","status-publish","format-standard","has-post-thumbnail","hentry","category-noticias","tag-maceio","tag-maria-da-penha","tag-tabuleiro-do-martins","tag-violencia-contra-a-mulher","tag-violencia-domestica"],"aioseo_notices":[],"_links":{"self":[{"href":"https:\/\/portalr3.online\/index.php\/wp-json\/wp\/v2\/posts\/9459","targetHints":{"allow":["GET"]}}],"collection":[{"href":"https:\/\/portalr3.online\/index.php\/wp-json\/wp\/v2\/posts"}],"about":[{"href":"https:\/\/portalr3.online\/index.php\/wp-json\/wp\/v2\/types\/post"}],"author":[{"embeddable":true,"href":"https:\/\/portalr3.online\/index.php\/wp-json\/wp\/v2\/users\/1"}],"replies":[{"embeddable":true,"href":"https:\/\/portalr3.online\/index.php\/wp-json\/wp\/v2\/comments?post=9459"}],"version-history":[{"count":0,"href":"https:\/\/portalr3.online\/index.php\/wp-json\/wp\/v2\/posts\/9459\/revisions"}],"wp:featuredmedia":[{"embeddable":true,"href":"https:\/\/portalr3.online\/index.php\/wp-json\/"}],"wp:attachment":[{"href":"https:\/\/portalr3.online\/index.php\/wp-json\/wp\/v2\/media?parent=9459"}],"wp:term":[{"taxonomy":"category","embeddable":true,"href":"https:\/\/portalr3.online\/index.php\/wp-json\/wp\/v2\/categories?post=9459"},{"taxonomy":"post_tag","embeddable":true,"href":"https:\/\/portalr3.online\/index.php\/wp-json\/wp\/v2\/tags?post=9459"}],"curies":[{"name":"wp","href":"https:\/\/api.w.org\/{rel}","templated":true}]}}