{"id":9452,"date":"2021-07-02T10:47:02","date_gmt":"2021-07-02T13:47:02","guid":{"rendered":"https:\/\/portalnarede.com.br\/?p=9452"},"modified":"2021-07-02T10:47:02","modified_gmt":"2021-07-02T13:47:02","slug":"voltado-para-a-prevencao-e-diagnostico-de-hepatites-virais-julho-amarela-inicia-nesse-sabado-2","status":"publish","type":"post","link":"https:\/\/portalr3.online\/index.php\/2021\/07\/02\/voltado-para-a-prevencao-e-diagnostico-de-hepatites-virais-julho-amarela-inicia-nesse-sabado-2\/","title":{"rendered":"Voltado para a preven\u00e7\u00e3o e diagn\u00f3stico de hepatites virais, Julho Amarelo inicia nesse s\u00e1bado (2)"},"content":{"rendered":"\n<p><em>*Com informa\u00e7\u00f5es Secom<\/em><\/p>\n\n\n\n<p><em>*Jo\u00e3o Pedro Magnani &#8211; estagi\u00e1rio sob supervis\u00e3o<\/em><\/p>\n\n\n\n<p>A Prefeitura de Macei\u00f3 realizar\u00e1 a partir desse s\u00e1bado (03) a\u00e7\u00f5es voltadas para a preven\u00e7\u00e3o e o diagn\u00f3stico de hepatites virais. As medidas, promovidas pela Secretaria Municipal de Sa\u00fade, est\u00e3o diretamente ligadas \u00e0 campanha Julho Amarelo e devem durar todo o m\u00eas.<\/p>\n\n\n\n<p>De acordo com a Secretaria, a campanha ser\u00e1 voltada para as pessoas em situa\u00e7\u00e3o de rua, usu\u00e1rios de \u00e1lcool e outras drogas e profissionais do sexo.<\/p>\n\n\n\n<p>Em Macei\u00f3, o \u201cJulho Amarelo\u201d iniciar\u00e1, amanh\u00e3, no abrigo Vicente de Paula. Neste ano, a campanha tem como tema: \u00a0\u201cN\u00e3o vamos deixar ningu\u00e9m para tr\u00e1s\u201d, e ser\u00e3o coordenadas pela Ger\u00eancia de IST\/Aids e Hepatites Virais do Munic\u00edpio, Gessyca Melo.<\/p>\n\n\n\n<p>\u201cEm muitos casos, as hepatites s\u00e3o assintom\u00e1ticas, com manifesta\u00e7\u00e3o de tosse, febre, por isso, muitas pessoas n\u00e3o procuram as unidades de sa\u00fade. Por isso, a import\u00e2ncia do diagn\u00f3stico precoce atrav\u00e9s da conscientiza\u00e7\u00e3o e oferta ampliada de testes r\u00e1pidos\u201d, explicou, Jessyca.<\/p>\n\n\n\n<p>Durante o m\u00eas de Julho tamb\u00e9m ser\u00e3o realizados Webn\u00e1rios. Clique <a href=\"http:\/\/www.maceio.al.gov.br\/2021\/07\/julho-amarelo-testagem-para-diagnostico-de-hepatites-hiv-e-aids-inicia-neste-sabado-3\/\" target=\"_blank\" rel=\"noreferrer noopener\">AQUI<\/a> e saiba mais.<\/p>\n","protected":false},"excerpt":{"rendered":"<p>*Com informa\u00e7\u00f5es Secom *Jo\u00e3o Pedro Magnani &#8211; estagi\u00e1rio sob supervis\u00e3o A Prefeitura de Macei\u00f3 realizar\u00e1 a partir desse s\u00e1bado (03)<\/p>\n","protected":false},"author":1,"featured_media":9453,"comment_status":"open","ping_status":"open","sticky":false,"template":"","format":"standard","meta":{"colormag_page_container_layout":"default_layout","colormag_page_sidebar_layout":"default_layout","footnotes":""},"categories":[10],"tags":[778,779,37,141,83],"class_list":["post-9452","post","type-post","status-publish","format-standard","has-post-thumbnail","hentry","category-noticias","tag-hepatites-virais","tag-julho-amarelo","tag-maceio","tag-prefeitura-de-maceio","tag-saude"],"aioseo_notices":[],"_links":{"self":[{"href":"https:\/\/portalr3.online\/index.php\/wp-json\/wp\/v2\/posts\/9452","targetHints":{"allow":["GET"]}}],"collection":[{"href":"https:\/\/portalr3.online\/index.php\/wp-json\/wp\/v2\/posts"}],"about":[{"href":"https:\/\/portalr3.online\/index.php\/wp-json\/wp\/v2\/types\/post"}],"author":[{"embeddable":true,"href":"https:\/\/portalr3.online\/index.php\/wp-json\/wp\/v2\/users\/1"}],"replies":[{"embeddable":true,"href":"https:\/\/portalr3.online\/index.php\/wp-json\/wp\/v2\/comments?post=9452"}],"version-history":[{"count":0,"href":"https:\/\/portalr3.online\/index.php\/wp-json\/wp\/v2\/posts\/9452\/revisions"}],"wp:featuredmedia":[{"embeddable":true,"href":"https:\/\/portalr3.online\/index.php\/wp-json\/wp\/v2\/media\/9453"}],"wp:attachment":[{"href":"https:\/\/portalr3.online\/index.php\/wp-json\/wp\/v2\/media?parent=9452"}],"wp:term":[{"taxonomy":"category","embeddable":true,"href":"https:\/\/portalr3.online\/index.php\/wp-json\/wp\/v2\/categories?post=9452"},{"taxonomy":"post_tag","embeddable":true,"href":"https:\/\/portalr3.online\/index.php\/wp-json\/wp\/v2\/tags?post=9452"}],"curies":[{"name":"wp","href":"https:\/\/api.w.org\/{rel}","templated":true}]}}