{"id":9449,"date":"2021-07-02T10:18:51","date_gmt":"2021-07-02T13:18:51","guid":{"rendered":"https:\/\/portalnarede.com.br\/?p=9449"},"modified":"2021-07-02T10:18:51","modified_gmt":"2021-07-02T13:18:51","slug":"onibus-da-vacina-esta-estacionado-no-mercado-do-artesanato-na-levada-nesta-sexta-feira-02","status":"publish","type":"post","link":"https:\/\/portalr3.online\/index.php\/2021\/07\/02\/onibus-da-vacina-esta-estacionado-no-mercado-do-artesanato-na-levada-nesta-sexta-feira-02\/","title":{"rendered":"\u00d4nibus da Vacina est\u00e1 estacionado no Mercado do Artesanato, na Levada, nesta sexta-feira (02)"},"content":{"rendered":"\n<p><em>Imagem: Edvan Ferreira<\/em><\/p>\n\n\n\n<p><em>*Jo\u00e3o Pedro Magnani &#8211; estagi\u00e1rio sob supervis\u00e3o<\/em><\/p>\n\n\n\n<p>O \u00d4nibus da Vacina est\u00e1, nesta sexta-feira (02), no estacionamento do Mercado do Artesanato, que fica no bairro da Levada. No momento, as pessoas com 40 anos ou mais est\u00e3o sendo imunizadas na unidade m\u00f3vel.\u00a0 Esta, hoje, funcionar\u00e1 das 9h \u00e0s 16h.<\/p>\n\n\n\n<p>A unidade m\u00f3vel \u00e9 o \u00fanico ponto onde se aplica a 1\u00aa dose da vacina contra a Covid-19 sem a necessidade do agendamento na capital alagoana.<\/p>\n\n\n\n<p>Em m\u00e9dia, o \u00d4nibus da Vacina tem aplicado cerca de 300 doses de imunizantes por dia. Nessa quinta-feira (01), segundo a Secretaria Municipal de Sa\u00fade, 350 vacinas foram realizadas.<\/p>\n\n\n\n<p>Ao todo, mais de 5 mil pessoas foram vacinadas na unidade m\u00f3vel. Macei\u00f3 foi a primeira cidade da Am\u00e9rica Latina a receber o ve\u00edculo, criado com o intuito de acelerar a imuniza\u00e7\u00e3o contra a Covid-19.<\/p>\n","protected":false},"excerpt":{"rendered":"<p>Imagem: Edvan Ferreira *Jo\u00e3o Pedro Magnani &#8211; estagi\u00e1rio sob supervis\u00e3o O \u00d4nibus da Vacina est\u00e1, nesta sexta-feira (02), no estacionamento<\/p>\n","protected":false},"author":1,"featured_media":9385,"comment_status":"open","ping_status":"open","sticky":false,"template":"","format":"standard","meta":{"colormag_page_container_layout":"default_layout","colormag_page_sidebar_layout":"default_layout","footnotes":""},"categories":[10],"tags":[82,613,756,777,734],"class_list":["post-9449","post","type-post","status-publish","format-standard","has-post-thumbnail","hentry","category-noticias","tag-covid-19","tag-levada","tag-mercado-da-producao","tag-mercado-do-artesanato","tag-onibus-da-vacina"],"aioseo_notices":[],"_links":{"self":[{"href":"https:\/\/portalr3.online\/index.php\/wp-json\/wp\/v2\/posts\/9449","targetHints":{"allow":["GET"]}}],"collection":[{"href":"https:\/\/portalr3.online\/index.php\/wp-json\/wp\/v2\/posts"}],"about":[{"href":"https:\/\/portalr3.online\/index.php\/wp-json\/wp\/v2\/types\/post"}],"author":[{"embeddable":true,"href":"https:\/\/portalr3.online\/index.php\/wp-json\/wp\/v2\/users\/1"}],"replies":[{"embeddable":true,"href":"https:\/\/portalr3.online\/index.php\/wp-json\/wp\/v2\/comments?post=9449"}],"version-history":[{"count":0,"href":"https:\/\/portalr3.online\/index.php\/wp-json\/wp\/v2\/posts\/9449\/revisions"}],"wp:featuredmedia":[{"embeddable":true,"href":"https:\/\/portalr3.online\/index.php\/wp-json\/wp\/v2\/media\/9385"}],"wp:attachment":[{"href":"https:\/\/portalr3.online\/index.php\/wp-json\/wp\/v2\/media?parent=9449"}],"wp:term":[{"taxonomy":"category","embeddable":true,"href":"https:\/\/portalr3.online\/index.php\/wp-json\/wp\/v2\/categories?post=9449"},{"taxonomy":"post_tag","embeddable":true,"href":"https:\/\/portalr3.online\/index.php\/wp-json\/wp\/v2\/tags?post=9449"}],"curies":[{"name":"wp","href":"https:\/\/api.w.org\/{rel}","templated":true}]}}