{"id":9444,"date":"2021-07-02T09:46:12","date_gmt":"2021-07-02T12:46:12","guid":{"rendered":"https:\/\/portalnarede.com.br\/?p=9444"},"modified":"2021-07-02T09:46:12","modified_gmt":"2021-07-02T12:46:12","slug":"csa-anuncia-o-retorno-de-lucas-frigeri-goleiro-esta-regularizado-e-a-disposicao-da-comissao-tecnica","status":"publish","type":"post","link":"https:\/\/portalr3.online\/index.php\/2021\/07\/02\/csa-anuncia-o-retorno-de-lucas-frigeri-goleiro-esta-regularizado-e-a-disposicao-da-comissao-tecnica\/","title":{"rendered":"CSA anuncia o retorno de Lucas Frigeri; goleiro est\u00e1 regularizado e \u00e0 disposi\u00e7\u00e3o da comiss\u00e3o t\u00e9cnica"},"content":{"rendered":"\n<p><em>*Jo\u00e3o Pedro Magnani &#8211; estagi\u00e1rio sob supervis\u00e3o<\/em><\/p>\n\n\n\n<p>O CSA anunciou, na manh\u00e3 desta sexta-feira (02), a contrata\u00e7\u00e3o de Lucas Frigeri. O goleiro de 32 anos de idade, que j\u00e1 atuou pela equipe azulina, chega para refor\u00e7ar o clube no restante da temporada. \u00a0<\/p>\n\n\n\n<p>Lucas, que j\u00e1 se apresentou e treinou com a equipe, est\u00e1 regularizado e \u00e0 disposi\u00e7\u00e3o da comiss\u00e3o t\u00e9cnica.<\/p>\n\n\n\n<figure class=\"wp-block-image size-large\"><img loading=\"lazy\" decoding=\"async\" width=\"1024\" height=\"576\" src=\"https:\/\/portalnarede.com.br\/wp-content\/uploads\/2021\/07\/Lucas-Frigeri-Imagem-Augusto-Oliveira-1024x576.jpg\" alt=\"\" class=\"wp-image-9447\" srcset=\"https:\/\/portalr3.online\/wp-content\/uploads\/2021\/07\/Lucas-Frigeri-Imagem-Augusto-Oliveira-1024x576.jpg 1024w, https:\/\/portalr3.online\/wp-content\/uploads\/2021\/07\/Lucas-Frigeri-Imagem-Augusto-Oliveira-300x169.jpg 300w, https:\/\/portalr3.online\/wp-content\/uploads\/2021\/07\/Lucas-Frigeri-Imagem-Augusto-Oliveira-768x432.jpg 768w, https:\/\/portalr3.online\/wp-content\/uploads\/2021\/07\/Lucas-Frigeri-Imagem-Augusto-Oliveira.jpg 1280w\" sizes=\"auto, (max-width: 1024px) 100vw, 1024px\" \/><figcaption>Imagem: Augusto Oliveira<\/figcaption><\/figure>\n\n\n\n<p>Em 2018, Frigeri teve boa passagem pelo CSA. Al\u00e9m disto, o experiente goleiro defendeu clubes como: Inter de Limeira, Luverdense, Atl\u00e9tico Goianiense e S\u00e3o Caetano. Nas duas \u00faltimas temporadas, ele estava no Ava\u00ed.<\/p>\n","protected":false},"excerpt":{"rendered":"<p>*Jo\u00e3o Pedro Magnani &#8211; estagi\u00e1rio sob supervis\u00e3o O CSA anunciou, na manh\u00e3 desta sexta-feira (02), a contrata\u00e7\u00e3o de Lucas Frigeri.<\/p>\n","protected":false},"author":1,"featured_media":9446,"comment_status":"open","ping_status":"open","sticky":false,"template":"","format":"standard","meta":{"colormag_page_container_layout":"default_layout","colormag_page_sidebar_layout":"default_layout","footnotes":""},"categories":[14],"tags":[182,776],"class_list":["post-9444","post","type-post","status-publish","format-standard","has-post-thumbnail","hentry","category-esportes","tag-csa","tag-reforco-csa"],"aioseo_notices":[],"_links":{"self":[{"href":"https:\/\/portalr3.online\/index.php\/wp-json\/wp\/v2\/posts\/9444","targetHints":{"allow":["GET"]}}],"collection":[{"href":"https:\/\/portalr3.online\/index.php\/wp-json\/wp\/v2\/posts"}],"about":[{"href":"https:\/\/portalr3.online\/index.php\/wp-json\/wp\/v2\/types\/post"}],"author":[{"embeddable":true,"href":"https:\/\/portalr3.online\/index.php\/wp-json\/wp\/v2\/users\/1"}],"replies":[{"embeddable":true,"href":"https:\/\/portalr3.online\/index.php\/wp-json\/wp\/v2\/comments?post=9444"}],"version-history":[{"count":0,"href":"https:\/\/portalr3.online\/index.php\/wp-json\/wp\/v2\/posts\/9444\/revisions"}],"wp:featuredmedia":[{"embeddable":true,"href":"https:\/\/portalr3.online\/index.php\/wp-json\/wp\/v2\/media\/9446"}],"wp:attachment":[{"href":"https:\/\/portalr3.online\/index.php\/wp-json\/wp\/v2\/media?parent=9444"}],"wp:term":[{"taxonomy":"category","embeddable":true,"href":"https:\/\/portalr3.online\/index.php\/wp-json\/wp\/v2\/categories?post=9444"},{"taxonomy":"post_tag","embeddable":true,"href":"https:\/\/portalr3.online\/index.php\/wp-json\/wp\/v2\/tags?post=9444"}],"curies":[{"name":"wp","href":"https:\/\/api.w.org\/{rel}","templated":true}]}}