{"id":9433,"date":"2021-07-01T21:17:29","date_gmt":"2021-07-02T00:17:29","guid":{"rendered":"https:\/\/portalnarede.com.br\/?p=9433"},"modified":"2021-07-01T21:17:29","modified_gmt":"2021-07-02T00:17:29","slug":"mara-maravilha-diz-que-xuxa-esta-fora-da-casinha-estou-com-ranco-dela","status":"publish","type":"post","link":"https:\/\/portalr3.online\/index.php\/2021\/07\/01\/mara-maravilha-diz-que-xuxa-esta-fora-da-casinha-estou-com-ranco-dela\/","title":{"rendered":"Mara Maravilha diz que Xuxa &#8216;est\u00e1 fora da casinha&#8217;: &#8216;Estou com ran\u00e7o dela&#8217;"},"content":{"rendered":"\n<p><\/p>\n\n\n\n<p>Com informa\u00e7\u00f5es: UOL \/ Foto: reprodu\u00e7\u00e3o TV Record<\/p>\n\n\n\n<p><\/p>\n\n\n\n<p>Mara Maravilha confessou que tem &#8220;ran\u00e7o&#8221; de Xuxa. Em entrevista a S\u00e9rgio Mallandro para o podcast &#8220;Papagaio Falante&#8221;, a apresentadora e cantora de 53 anos opinou que a Rainha dos Baixinhos est\u00e1 &#8220;fora da casinha&#8221; e estendeu as cr\u00edticas tamb\u00e9m a Junno Andrade, namorado da ex-global.<\/p>\n\n\n\n<p>&#8220;Xuxa est\u00e1 fora da casinha. Estou invocada e com ran\u00e7o dela. Amo a Xuxa, mas estou com ran\u00e7o agora. \u00c9 um direito meu. Ela vai para o mesmo buraco que eu vou. Agora vamos ver, depois do buraco, para onde a gente vai subir. Tenho muita hist\u00f3ria com ela, topei dar depoimento no document\u00e1rio dela. Eu tive o convite e disse sim. Mas nem tudo em que ela se posiciona sobre minha pessoa, eu vou estar de acordo&#8221;, desabafou.<\/p>\n\n\n\n<p>Mara ainda insinuou que Xuxa possa colocar uma dist\u00e2ncia entre elas devido a um sentimento de superioridade.<\/p>\n\n\n\n<p>&#8220;Ela \u00e9 a rainha, eu sou a plebeia. Mas n\u00e3o existe ningu\u00e9m melhor do que ningu\u00e9m. O jeito com que ela vem se comportando principalmente em rela\u00e7\u00e3o \u00e0 minha hist\u00f3ria e \u00e0 minha pessoa, n\u00e3o estou de acordo. N\u00e3o sou melhor que voc\u00ea, e voc\u00ea n\u00e3o \u00e9 melhor que eu. Mais acima, s\u00f3 Deus&#8221;, disse Mara.<\/p>\n\n\n\n<p>S\u00e9rgio Mallandro, ent\u00e3o, quis saber por que de tanto ressentimento:<\/p>\n\n\n\n<p>&#8220;Pergunta para a Tatiana Maranh\u00e3o [ex-paquita e hoje assessora da Xuxa]. Pergunta para o Junno por que ele est\u00e1 fazendo desfeita de mim. Eu nunca pedi para fazer parte de grupo [do WhatsApp] de loiras nenhum. Se eu quiser falar com a Eliana agora, eu falo. Se eu quiser falar com a Xuxa, pego o telefone dela contigo e ligo. Junno tem sido inconveniente. Ele batia ponto no meu programa e at\u00e9 pensaram que eu tive um caso com ele, mas nunca tive. Ele foi namorado da Elba [Ramalho]. S\u00e3o infelizes os coment\u00e1rios dele&#8221;.<\/p>\n\n\n\n<p>O entrevistador tentou amenizar a situa\u00e7\u00e3o dizendo que Junno tem um bom cora\u00e7\u00e3o, mas Mara o colocou no centro do debate:<\/p>\n\n\n\n<p>&#8220;Eu tamb\u00e9m tenho. Quando um monte de gente fala mal de voc\u00ea no SBT, eu falo que o Mallandro n\u00e3o \u00e9 isso. Eu j\u00e1 cansei de tentar abrir seu olho, mas voc\u00ea n\u00e3o abre&#8221;, finalizou.<\/p>\n","protected":false},"excerpt":{"rendered":"<p>Com informa\u00e7\u00f5es: UOL \/ Foto: reprodu\u00e7\u00e3o TV Record Mara Maravilha confessou que tem &#8220;ran\u00e7o&#8221; de Xuxa. Em entrevista a S\u00e9rgio<\/p>\n","protected":false},"author":1,"featured_media":9434,"comment_status":"open","ping_status":"open","sticky":false,"template":"","format":"standard","meta":{"colormag_page_container_layout":"default_layout","colormag_page_sidebar_layout":"default_layout","footnotes":""},"categories":[129],"tags":[769,770,771,772,773,628],"class_list":["post-9433","post","type-post","status-publish","format-standard","has-post-thumbnail","hentry","category-estilo","tag-apresentadora","tag-entrevista","tag-mara-maravilha","tag-ranco","tag-sergio-mallandro","tag-xuxa-meneghel"],"aioseo_notices":[],"_links":{"self":[{"href":"https:\/\/portalr3.online\/index.php\/wp-json\/wp\/v2\/posts\/9433","targetHints":{"allow":["GET"]}}],"collection":[{"href":"https:\/\/portalr3.online\/index.php\/wp-json\/wp\/v2\/posts"}],"about":[{"href":"https:\/\/portalr3.online\/index.php\/wp-json\/wp\/v2\/types\/post"}],"author":[{"embeddable":true,"href":"https:\/\/portalr3.online\/index.php\/wp-json\/wp\/v2\/users\/1"}],"replies":[{"embeddable":true,"href":"https:\/\/portalr3.online\/index.php\/wp-json\/wp\/v2\/comments?post=9433"}],"version-history":[{"count":0,"href":"https:\/\/portalr3.online\/index.php\/wp-json\/wp\/v2\/posts\/9433\/revisions"}],"wp:featuredmedia":[{"embeddable":true,"href":"https:\/\/portalr3.online\/index.php\/wp-json\/wp\/v2\/media\/9434"}],"wp:attachment":[{"href":"https:\/\/portalr3.online\/index.php\/wp-json\/wp\/v2\/media?parent=9433"}],"wp:term":[{"taxonomy":"category","embeddable":true,"href":"https:\/\/portalr3.online\/index.php\/wp-json\/wp\/v2\/categories?post=9433"},{"taxonomy":"post_tag","embeddable":true,"href":"https:\/\/portalr3.online\/index.php\/wp-json\/wp\/v2\/tags?post=9433"}],"curies":[{"name":"wp","href":"https:\/\/api.w.org\/{rel}","templated":true}]}}